{"id":108218,"date":"2026-03-17T12:54:50","date_gmt":"2026-03-17T15:54:50","guid":{"rendered":"https:\/\/www.todoeldia.com\/?p=108218"},"modified":"2026-03-17T12:59:51","modified_gmt":"2026-03-17T15:59:51","slug":"decomisan-450-kg-de-carne-y-chorizos-podridos-en-una-carniceria-de-oran","status":"publish","type":"post","link":"https:\/\/www.todoeldia.com\/index.php\/2026\/03\/17\/decomisan-450-kg-de-carne-y-chorizos-podridos-en-una-carniceria-de-oran\/","title":{"rendered":"Decomisan 450 kg de carne y chorizos podridos en una carnicer\u00eda de Or\u00e1n"},"content":{"rendered":"\n<p>En un operativo llevado a cabo por personal de Control Comercial, de la Municipalidad de Or\u00e1n, se realiz\u00f3 una inspecci\u00f3n en la carnicer\u00eda El Cordob\u00e9s en la calle L\u00f3pez y planes y San Martin, en la zona c\u00e9ntrica de la ciudad.<\/p>\n\n\n\n<figure class=\"wp-block-image size-full is-resized\"><img loading=\"lazy\" decoding=\"async\" width=\"849\" height=\"833\" src=\"https:\/\/www.todoeldia.com\/wp-content\/uploads\/2026\/03\/image-140.png\" alt=\"\" class=\"wp-image-108220\" style=\"width:1059px;height:auto\" srcset=\"https:\/\/www.todoeldia.com\/wp-content\/uploads\/2026\/03\/image-140.png 849w, https:\/\/www.todoeldia.com\/wp-content\/uploads\/2026\/03\/image-140-300x294.png 300w, https:\/\/www.todoeldia.com\/wp-content\/uploads\/2026\/03\/image-140-768x754.png 768w, https:\/\/www.todoeldia.com\/wp-content\/uploads\/2026\/03\/image-140-428x420.png 428w, https:\/\/www.todoeldia.com\/wp-content\/uploads\/2026\/03\/image-140-696x683.png 696w\" sizes=\"auto, (max-width: 849px) 100vw, 849px\" \/><\/figure>\n\n\n\n<p>Durante el procedimiento, se detectaron graves irregularidades sanitarias, procedi\u00e9ndose al decomiso de aproximadamente 450 kilos de carne y embutidos que se encontraban en estado de descomposici\u00f3n.<\/p>\n\n\n\n<p>Asimismo, se constat\u00f3 que la c\u00e1mara frigor\u00edfica del local no estaba en funcionamiento, lo que habr\u00eda provocado la p\u00e9rdida de la cadena de fr\u00edo, poniendo en riesgo la salud de los consumidores.<\/p>\n","protected":false},"excerpt":{"rendered":"<p>En un operativo llevado a cabo por personal de Control Comercial, de la Municipalidad de Or\u00e1n, se realiz\u00f3 una inspecci\u00f3n en la carnicer\u00eda El Cordob\u00e9s en la calle L\u00f3pez y planes y San Martin, en la zona c\u00e9ntrica de la ciudad. Durante el procedimiento, se detectaron graves irregularidades sanitarias, procedi\u00e9ndose al decomiso de aproximadamente 450 [&hellip;]<\/p>\n","protected":false},"author":2,"featured_media":108219,"comment_status":"open","ping_status":"open","sticky":false,"template":"","format":"standard","meta":{"tdm_status":"","tdm_grid_status":"","_joinchat":[],"footnotes":""},"categories":[73],"tags":[],"class_list":{"0":"post-108218","1":"post","2":"type-post","3":"status-publish","4":"format-standard","5":"has-post-thumbnail","7":"category-noticias-general"},"amp_enabled":true,"_links":{"self":[{"href":"https:\/\/www.todoeldia.com\/index.php\/wp-json\/wp\/v2\/posts\/108218","targetHints":{"allow":["GET"]}}],"collection":[{"href":"https:\/\/www.todoeldia.com\/index.php\/wp-json\/wp\/v2\/posts"}],"about":[{"href":"https:\/\/www.todoeldia.com\/index.php\/wp-json\/wp\/v2\/types\/post"}],"author":[{"embeddable":true,"href":"https:\/\/www.todoeldia.com\/index.php\/wp-json\/wp\/v2\/users\/2"}],"replies":[{"embeddable":true,"href":"https:\/\/www.todoeldia.com\/index.php\/wp-json\/wp\/v2\/comments?post=108218"}],"version-history":[{"count":3,"href":"https:\/\/www.todoeldia.com\/index.php\/wp-json\/wp\/v2\/posts\/108218\/revisions"}],"predecessor-version":[{"id":108223,"href":"https:\/\/www.todoeldia.com\/index.php\/wp-json\/wp\/v2\/posts\/108218\/revisions\/108223"}],"wp:featuredmedia":[{"embeddable":true,"href":"https:\/\/www.todoeldia.com\/index.php\/wp-json\/wp\/v2\/media\/108219"}],"wp:attachment":[{"href":"https:\/\/www.todoeldia.com\/index.php\/wp-json\/wp\/v2\/media?parent=108218"}],"wp:term":[{"taxonomy":"category","embeddable":true,"href":"https:\/\/www.todoeldia.com\/index.php\/wp-json\/wp\/v2\/categories?post=108218"},{"taxonomy":"post_tag","embeddable":true,"href":"https:\/\/www.todoeldia.com\/index.php\/wp-json\/wp\/v2\/tags?post=108218"}],"curies":[{"name":"wp","href":"https:\/\/api.w.org\/{rel}","templated":true}]}}