{"id":108224,"date":"2026-03-17T13:07:21","date_gmt":"2026-03-17T16:07:21","guid":{"rendered":"https:\/\/www.todoeldia.com\/?p=108224"},"modified":"2026-03-17T13:07:22","modified_gmt":"2026-03-17T16:07:22","slug":"a-los-tiros-entre-la-policia-y-un-delincuente-en-el-patio-de-la-escuela-terrones-riera-de-oran","status":"publish","type":"post","link":"https:\/\/www.todoeldia.com\/index.php\/2026\/03\/17\/a-los-tiros-entre-la-policia-y-un-delincuente-en-el-patio-de-la-escuela-terrones-riera-de-oran\/","title":{"rendered":"A los tiros entre la Polic\u00eda y un delincuente en el patio de la escuela Terrones Riera de Or\u00e1n"},"content":{"rendered":"\n<p>Siguen los incidentes violentos y de inseguridad en el predio de la Escuela \u201cMaestro Roberto Terrones Riera\u201d ubicada en el Barrio 9 de Julio de Or\u00e1n. El hecho sucedi\u00f3 en la tarde de ayer cuando efectivos de la polic\u00eda persegu\u00edan a un delincuente que se meti\u00f3 en el patio del establecimiento y gener\u00f3 que los efectivos tuvieran que usar sus armas para lograr detenerlo.<\/p>\n\n\n\n<p>Varios padres se comunicaron con la emisora para denunciar el hecho y como punto coincidente fue que se escucharon disparos dentro del predio cuando se cumpl\u00eda con la persecuci\u00f3n. Lo m\u00e1s grave es que todo esto se dio con los alumnos dentro de la escuela.<\/p>\n\n\n\n<p>Uno de los mensajes recibidos en FM Ciudad On Line de Or\u00e1n fue de una madre de un alumno de la escuela Terrones Riera la Escuela del barrio 9 de julio.<\/p>\n\n\n\n<p>Comento que ayer cerca de las 18,10 cuando los ni\u00f1os salen de la escuela, un delincuente era perseguido por la polic\u00eda desde el barrio de enfrente y ven\u00eda saltando por los techos por la calle Alvear y se meti\u00f3 al predio de la escuela.<\/p>\n\n\n\n<p>En ese momento se escucharon disparos, cerca del m\u00e1stil.<\/p>\n\n\n\n<p>Los directivos y maestros tuvieron que retener a los chicos hasta que pase el procedimiento de la polic\u00eda donde lograron capturar al delincuente.<\/p>\n","protected":false},"excerpt":{"rendered":"<p>Siguen los incidentes violentos y de inseguridad en el predio de la Escuela \u201cMaestro Roberto Terrones Riera\u201d ubicada en el Barrio 9 de Julio de Or\u00e1n. El hecho sucedi\u00f3 en la tarde de ayer cuando efectivos de la polic\u00eda persegu\u00edan a un delincuente que se meti\u00f3 en el patio del establecimiento y gener\u00f3 que los [&hellip;]<\/p>\n","protected":false},"author":2,"featured_media":108225,"comment_status":"open","ping_status":"open","sticky":false,"template":"","format":"standard","meta":{"tdm_status":"","tdm_grid_status":"","_joinchat":[],"footnotes":""},"categories":[73],"tags":[],"class_list":{"0":"post-108224","1":"post","2":"type-post","3":"status-publish","4":"format-standard","5":"has-post-thumbnail","7":"category-noticias-general"},"amp_enabled":true,"_links":{"self":[{"href":"https:\/\/www.todoeldia.com\/index.php\/wp-json\/wp\/v2\/posts\/108224","targetHints":{"allow":["GET"]}}],"collection":[{"href":"https:\/\/www.todoeldia.com\/index.php\/wp-json\/wp\/v2\/posts"}],"about":[{"href":"https:\/\/www.todoeldia.com\/index.php\/wp-json\/wp\/v2\/types\/post"}],"author":[{"embeddable":true,"href":"https:\/\/www.todoeldia.com\/index.php\/wp-json\/wp\/v2\/users\/2"}],"replies":[{"embeddable":true,"href":"https:\/\/www.todoeldia.com\/index.php\/wp-json\/wp\/v2\/comments?post=108224"}],"version-history":[{"count":1,"href":"https:\/\/www.todoeldia.com\/index.php\/wp-json\/wp\/v2\/posts\/108224\/revisions"}],"predecessor-version":[{"id":108226,"href":"https:\/\/www.todoeldia.com\/index.php\/wp-json\/wp\/v2\/posts\/108224\/revisions\/108226"}],"wp:featuredmedia":[{"embeddable":true,"href":"https:\/\/www.todoeldia.com\/index.php\/wp-json\/wp\/v2\/media\/108225"}],"wp:attachment":[{"href":"https:\/\/www.todoeldia.com\/index.php\/wp-json\/wp\/v2\/media?parent=108224"}],"wp:term":[{"taxonomy":"category","embeddable":true,"href":"https:\/\/www.todoeldia.com\/index.php\/wp-json\/wp\/v2\/categories?post=108224"},{"taxonomy":"post_tag","embeddable":true,"href":"https:\/\/www.todoeldia.com\/index.php\/wp-json\/wp\/v2\/tags?post=108224"}],"curies":[{"name":"wp","href":"https:\/\/api.w.org\/{rel}","templated":true}]}}