{"id":108238,"date":"2026-03-17T14:03:28","date_gmt":"2026-03-17T17:03:28","guid":{"rendered":"https:\/\/www.todoeldia.com\/?p=108238"},"modified":"2026-03-17T14:03:29","modified_gmt":"2026-03-17T17:03:29","slug":"en-metan-cuestionan-las-ausencias-de-los-diputados-sergio-lopez-y-gustavo-dantur-en-medio-de-la-emergencia-hidrica-que-azota-a-la-ciudad","status":"publish","type":"post","link":"https:\/\/www.todoeldia.com\/index.php\/2026\/03\/17\/en-metan-cuestionan-las-ausencias-de-los-diputados-sergio-lopez-y-gustavo-dantur-en-medio-de-la-emergencia-hidrica-que-azota-a-la-ciudad\/","title":{"rendered":"En Metan cuestionan las ausencias de los diputados Sergio L\u00f3pez y Gustavo Dantur en medio de la emergencia h\u00eddrica que azota a la ciudad"},"content":{"rendered":"\n<p>Mientras el municipio trabaja para asistir a los vecinos y relevar da\u00f1os, Abreg\u00fa reclam\u00f3 mayor compromiso de los legisladores y destac\u00f3 la importancia de gestionar ante Naci\u00f3n.<\/p>\n\n\n\n<p>&nbsp;\u201cCuando uno tiene la posibilidad de gestionar con el gobierno nacional, la gente espera resultados concretos\u201d, dispar\u00f3.<\/p>\n\n\n\n<p>Las intensas lluvias que castigan desde hace semanas a San Jos\u00e9 de Met\u00e1n no solo dejaron calles anegadas, barrios aislados y un sistema h\u00eddrico al borde del colapso. Tambi\u00e9n abrieron un frente de discusi\u00f3n pol\u00edtica que el jefe de Gabinete municipal, Mauricio Abreg\u00fa, decidi\u00f3 poner sobre la mesa sin rodeos.<\/p>\n\n\n\n<p>En una entrevista con Spacio TV, el funcionario apunt\u00f3 directamente contra dos legisladores del departamento: el diputado Sergio L\u00f3pez, de La Libertad Avanza, y el legislador Gustavo Dantur.<\/p>\n\n\n\n<p>Seg\u00fan Abreg\u00fa, ambos brillaron por su ausencia en los momentos m\u00e1s cr\u00edticos que atraves\u00f3 la ciudad.<\/p>\n\n\n\n<p>\u201cHay algunos que han desaparecido cuando m\u00e1s la gente los necesita\u201d, afirm\u00f3 y agreg\u00f3: \u201cEs f\u00e1cil hablar, pero hay que estar con la patita en el barro\u201d.<\/p>\n\n\n\n<p>El jefe de Gabinete consider\u00f3 que, en el caso de L\u00f3pez, la expectativa es mayor debido a su pertenencia al espacio pol\u00edtico que actualmente conduce el gobierno nacional.<\/p>\n\n\n\n<p>\u201cCuando uno tiene la posibilidad de gestionar con el gobierno nacional, la gente espera resultados concretos: obras viales, soluciones h\u00eddricas, proyectos de vivienda\u201d, se\u00f1al\u00f3.<\/p>\n\n\n\n<p>Sostuvo adem\u00e1s que el debate pol\u00edtico no puede quedar reducido a cr\u00edticas sobre gestiones anteriores.<\/p>\n\n\n\n<p>\u201cYa sabemos todo lo que pas\u00f3 antes. Ahora el desaf\u00edo es gobernar y gestionar soluciones para la gente \u201c, plante\u00f3.<\/p>\n\n\n\n<p>En contraste, Abreg\u00fa destac\u00f3 el trabajo conjunto que el municipio mantiene con el senador departamental y con el diputado Rodrigo Garc\u00eda, a quien defini\u00f3 como un legislador que mantiene di\u00e1logo permanente con el Ejecutivo municipal y acompa\u00f1a las gestiones vinculadas a la ciudad.<\/p>\n\n\n\n<p>Respecto de Dantur, indic\u00f3 que su actividad pol\u00edtica suele concentrarse principalmente en otras localidades del departamento, como El Galp\u00f3n o R\u00edo Piedras.<\/p>\n\n\n\n<p>\u201cEs una realidad que su trabajo se enfoca m\u00e1s en otros sectores del departamento\u201d, se\u00f1al\u00f3.<\/p>\n\n\n\n<p>Relevamientos y obras que necesitan esperar<\/p>\n\n\n\n<p>En paralelo, equipos t\u00e9cnicos del \u00e1rea de Recursos H\u00eddricos de la Provincia realizaron mediciones y relevamientos en distintos puntos de la ciudad para elaborar un diagn\u00f3stico sobre las obras necesarias para mejorar el sistema de drenaje y encauzamiento del agua.<\/p>\n\n\n\n<p>En algunos sectores de dif\u00edcil acceso, especialmente en la zona del cerro, los estudios debieron realizarse mediante drones debido a las condiciones del terreno provocadas por las lluvias.<\/p>\n\n\n\n<p>El jefe de Gabinete explic\u00f3 que las soluciones estructurales requerir\u00e1n inversiones de gran escala, imposibles de afrontar \u00fanicamente con recursos municipales. En ese sentido, remarc\u00f3 la importancia de contar con el acompa\u00f1amiento de otros niveles del Estado.<\/p>\n","protected":false},"excerpt":{"rendered":"<p>Mientras el municipio trabaja para asistir a los vecinos y relevar da\u00f1os, Abreg\u00fa reclam\u00f3 mayor compromiso de los legisladores y destac\u00f3 la importancia de gestionar ante Naci\u00f3n. &nbsp;\u201cCuando uno tiene la posibilidad de gestionar con el gobierno nacional, la gente espera resultados concretos\u201d, dispar\u00f3. Las intensas lluvias que castigan desde hace semanas a San Jos\u00e9 [&hellip;]<\/p>\n","protected":false},"author":2,"featured_media":108239,"comment_status":"open","ping_status":"open","sticky":false,"template":"","format":"standard","meta":{"tdm_status":"","tdm_grid_status":"","_joinchat":[],"footnotes":""},"categories":[59],"tags":[],"class_list":{"0":"post-108238","1":"post","2":"type-post","3":"status-publish","4":"format-standard","5":"has-post-thumbnail","7":"category-politica"},"amp_enabled":true,"_links":{"self":[{"href":"https:\/\/www.todoeldia.com\/index.php\/wp-json\/wp\/v2\/posts\/108238","targetHints":{"allow":["GET"]}}],"collection":[{"href":"https:\/\/www.todoeldia.com\/index.php\/wp-json\/wp\/v2\/posts"}],"about":[{"href":"https:\/\/www.todoeldia.com\/index.php\/wp-json\/wp\/v2\/types\/post"}],"author":[{"embeddable":true,"href":"https:\/\/www.todoeldia.com\/index.php\/wp-json\/wp\/v2\/users\/2"}],"replies":[{"embeddable":true,"href":"https:\/\/www.todoeldia.com\/index.php\/wp-json\/wp\/v2\/comments?post=108238"}],"version-history":[{"count":1,"href":"https:\/\/www.todoeldia.com\/index.php\/wp-json\/wp\/v2\/posts\/108238\/revisions"}],"predecessor-version":[{"id":108240,"href":"https:\/\/www.todoeldia.com\/index.php\/wp-json\/wp\/v2\/posts\/108238\/revisions\/108240"}],"wp:featuredmedia":[{"embeddable":true,"href":"https:\/\/www.todoeldia.com\/index.php\/wp-json\/wp\/v2\/media\/108239"}],"wp:attachment":[{"href":"https:\/\/www.todoeldia.com\/index.php\/wp-json\/wp\/v2\/media?parent=108238"}],"wp:term":[{"taxonomy":"category","embeddable":true,"href":"https:\/\/www.todoeldia.com\/index.php\/wp-json\/wp\/v2\/categories?post=108238"},{"taxonomy":"post_tag","embeddable":true,"href":"https:\/\/www.todoeldia.com\/index.php\/wp-json\/wp\/v2\/tags?post=108238"}],"curies":[{"name":"wp","href":"https:\/\/api.w.org\/{rel}","templated":true}]}}