{"id":108255,"date":"2026-03-17T18:07:43","date_gmt":"2026-03-17T21:07:43","guid":{"rendered":"https:\/\/www.todoeldia.com\/?p=108255"},"modified":"2026-03-17T18:08:29","modified_gmt":"2026-03-17T21:08:29","slug":"fueron-imputados-los-padres-de-una-beba-de-8-meses-internada-por-lesiones-graves","status":"publish","type":"post","link":"https:\/\/www.todoeldia.com\/index.php\/2026\/03\/17\/fueron-imputados-los-padres-de-una-beba-de-8-meses-internada-por-lesiones-graves\/","title":{"rendered":"Fueron imputados los padres de una beba de 8 meses internada por lesiones graves"},"content":{"rendered":"\n<p>Fueron detenidos tras un allanamiento en Villa Lavalle, mientras la menor permanece internada y bajo atenci\u00f3n m\u00e9dica especializada, en tanto avanzan las medidas investigativas.<\/p>\n\n\n\n<p>Una pareja, ambos de 25 a\u00f1os, fueron imputados como presuntos autores del delito de lesiones graves agravadas por el v\u00ednculo, en perjuicio de su hija de 8 meses, quien permanece internada en estado delicado en el Hospital P\u00fablico Materno Infantil de la ciudad de Salta.<\/p>\n\n\n\n<p>La intervenci\u00f3n de la Fiscal\u00eda se inici\u00f3 a partir de la denuncia formulada por una profesional de la salud del nosocomio, quien advirti\u00f3 la gravedad del cuadro cl\u00ednico y la posible incompatibilidad entre las lesiones detectadas y las explicaciones brindadas por los progenitores.<\/p>\n\n\n\n<figure class=\"wp-block-image size-full is-resized\"><img loading=\"lazy\" decoding=\"async\" width=\"899\" height=\"600\" src=\"https:\/\/www.todoeldia.com\/wp-content\/uploads\/2022\/05\/hospital-materno-infantil1-1.jpg\" alt=\"\" class=\"wp-image-38713\" style=\"width:1062px;height:auto\" srcset=\"https:\/\/www.todoeldia.com\/wp-content\/uploads\/2022\/05\/hospital-materno-infantil1-1.jpg 899w, https:\/\/www.todoeldia.com\/wp-content\/uploads\/2022\/05\/hospital-materno-infantil1-1-300x200.jpg 300w, https:\/\/www.todoeldia.com\/wp-content\/uploads\/2022\/05\/hospital-materno-infantil1-1-768x513.jpg 768w, https:\/\/www.todoeldia.com\/wp-content\/uploads\/2022\/05\/hospital-materno-infantil1-1-696x465.jpg 696w, https:\/\/www.todoeldia.com\/wp-content\/uploads\/2022\/05\/hospital-materno-infantil1-1-629x420.jpg 629w\" sizes=\"auto, (max-width: 899px) 100vw, 899px\" \/><\/figure>\n\n\n\n<p>De acuerdo a lo incorporado en el legajo, la menor ingres\u00f3 el 5 de marzo con un cuadro convulsivo y compromiso neurol\u00f3gico, lo que motiv\u00f3 su inmediata internaci\u00f3n en terapia intensiva pedi\u00e1trica. Los estudios m\u00e9dicos posteriores evidenciaron lesiones de distinta data, entre ellas traumatismos a nivel craneal, hematomas en diversas partes del cuerpo y signos compatibles con mecanismos de agresi\u00f3n.<\/p>\n\n\n\n<p>En ese marco, la investigaci\u00f3n incluy\u00f3 la intervenci\u00f3n del equipo interdisciplinario, cuyos informes dieron cuenta de contradicciones en los relatos de los imputados, tanto en relaci\u00f3n a la mec\u00e1nica de las lesiones como a las condiciones de cuidado y permanencia de la ni\u00f1a.<\/p>\n\n\n\n<p>Asimismo, el hombre fue imputado de manera provisional por el delito de coacci\u00f3n, en perjuicio de su madre, en una actuaci\u00f3n acumulada. Seg\u00fan se desprende de las constancias, habr\u00eda ejercido presiones e intimidaciones en un contexto de violencia familiar, circunstancia que fue especialmente valorada por la Fiscal\u00eda al analizar el riesgo de entorpecimiento del proceso.<\/p>\n\n\n\n<p>La menor permanece internada bajo asistencia m\u00e9dica especializada. Para ambos imputados, la Fiscal\u00eda solicit\u00f3 el mantenimiento de la detenci\u00f3n mientras se desarrollan pericias y medidas destinadas a esclarecer la mec\u00e1nica del hecho y a establecer las responsabilidades penales correspondientes.<\/p>\n","protected":false},"excerpt":{"rendered":"<p>Fueron detenidos tras un allanamiento en Villa Lavalle, mientras la menor permanece internada y bajo atenci\u00f3n m\u00e9dica especializada, en tanto avanzan las medidas investigativas. Una pareja, ambos de 25 a\u00f1os, fueron imputados como presuntos autores del delito de lesiones graves agravadas por el v\u00ednculo, en perjuicio de su hija de 8 meses, quien permanece internada [&hellip;]<\/p>\n","protected":false},"author":2,"featured_media":108256,"comment_status":"open","ping_status":"open","sticky":false,"template":"","format":"standard","meta":{"tdm_status":"","tdm_grid_status":"","_joinchat":[],"footnotes":""},"categories":[73],"tags":[],"class_list":{"0":"post-108255","1":"post","2":"type-post","3":"status-publish","4":"format-standard","5":"has-post-thumbnail","7":"category-noticias-general"},"amp_enabled":true,"_links":{"self":[{"href":"https:\/\/www.todoeldia.com\/index.php\/wp-json\/wp\/v2\/posts\/108255","targetHints":{"allow":["GET"]}}],"collection":[{"href":"https:\/\/www.todoeldia.com\/index.php\/wp-json\/wp\/v2\/posts"}],"about":[{"href":"https:\/\/www.todoeldia.com\/index.php\/wp-json\/wp\/v2\/types\/post"}],"author":[{"embeddable":true,"href":"https:\/\/www.todoeldia.com\/index.php\/wp-json\/wp\/v2\/users\/2"}],"replies":[{"embeddable":true,"href":"https:\/\/www.todoeldia.com\/index.php\/wp-json\/wp\/v2\/comments?post=108255"}],"version-history":[{"count":2,"href":"https:\/\/www.todoeldia.com\/index.php\/wp-json\/wp\/v2\/posts\/108255\/revisions"}],"predecessor-version":[{"id":108258,"href":"https:\/\/www.todoeldia.com\/index.php\/wp-json\/wp\/v2\/posts\/108255\/revisions\/108258"}],"wp:featuredmedia":[{"embeddable":true,"href":"https:\/\/www.todoeldia.com\/index.php\/wp-json\/wp\/v2\/media\/108256"}],"wp:attachment":[{"href":"https:\/\/www.todoeldia.com\/index.php\/wp-json\/wp\/v2\/media?parent=108255"}],"wp:term":[{"taxonomy":"category","embeddable":true,"href":"https:\/\/www.todoeldia.com\/index.php\/wp-json\/wp\/v2\/categories?post=108255"},{"taxonomy":"post_tag","embeddable":true,"href":"https:\/\/www.todoeldia.com\/index.php\/wp-json\/wp\/v2\/tags?post=108255"}],"curies":[{"name":"wp","href":"https:\/\/api.w.org\/{rel}","templated":true}]}}