{"id":10848,"date":"2020-11-10T10:51:25","date_gmt":"2020-11-10T13:51:25","guid":{"rendered":"https:\/\/www.todoeldia.com\/?p=10848"},"modified":"2020-11-10T10:51:25","modified_gmt":"2020-11-10T13:51:25","slug":"transportistas-escolares-reclaman-el-pago-de-un-subsidio","status":"publish","type":"post","link":"https:\/\/www.todoeldia.com\/index.php\/2020\/11\/10\/transportistas-escolares-reclaman-el-pago-de-un-subsidio\/","title":{"rendered":"Transportistas escolares reclaman el pago de un subsidio"},"content":{"rendered":"\n<p>Transportistas escolares realizaron hoy una manifestaci\u00f3n que comenz\u00f3 en el centro c\u00edvico del Grand Bourg y finaliz\u00f3 en el monumento al General G\u00fcemes en reclamo de subsidios y la ayuda econ\u00f3mica aprobada por Ley en el Congreso de la Naci\u00f3n.<\/p>\n\n\n\n<p>Nilda Bin presidente de la Asociaci\u00f3n de Transportes Escolares se\u00f1al\u00f3 que est\u00e1n a la espera del pago de un subsidio que ya fue aprobado y que sin embargo hasta ahora nunca se hizo efectivo.<\/p>\n\n\n\n<figure class=\"wp-block-image size-large\"><img loading=\"lazy\" decoding=\"async\" width=\"1024\" height=\"768\" src=\"https:\/\/www.todoeldia.com\/wp-content\/uploads\/2020\/11\/transporte-escolar-1024x768.jpg\" alt=\"\" class=\"wp-image-10850\" srcset=\"https:\/\/www.todoeldia.com\/wp-content\/uploads\/2020\/11\/transporte-escolar-1024x768.jpg 1024w, https:\/\/www.todoeldia.com\/wp-content\/uploads\/2020\/11\/transporte-escolar-300x225.jpg 300w, https:\/\/www.todoeldia.com\/wp-content\/uploads\/2020\/11\/transporte-escolar-768x576.jpg 768w, https:\/\/www.todoeldia.com\/wp-content\/uploads\/2020\/11\/transporte-escolar-696x522.jpg 696w, https:\/\/www.todoeldia.com\/wp-content\/uploads\/2020\/11\/transporte-escolar-560x420.jpg 560w, https:\/\/www.todoeldia.com\/wp-content\/uploads\/2020\/11\/transporte-escolar-80x60.jpg 80w, https:\/\/www.todoeldia.com\/wp-content\/uploads\/2020\/11\/transporte-escolar-265x198.jpg 265w, https:\/\/www.todoeldia.com\/wp-content\/uploads\/2020\/11\/transporte-escolar.jpg 1032w\" sizes=\"auto, (max-width: 1024px) 100vw, 1024px\" \/><\/figure>\n\n\n\n<p>\u201cEstamos sin trabajo, nos ofrecen un pr\u00e9stamo para la reconversi\u00f3n, pero no tenemos capacidad para cumplir con la garant\u00eda que nos exigen\u201d, a\u00f1adi\u00f3.<\/p>\n\n\n\n<p>Asegur\u00f3 que desde la Municipalidad les entregan bolsones alimentarios, hay una ordenanza que nos exime del pago de la patente y nos dieron un a\u00f1o m\u00e1s de gracia para los veh\u00edculos que deb\u00edan renovarse.<\/p>\n\n\n\n<figure class=\"wp-block-image size-large\"><img loading=\"lazy\" decoding=\"async\" width=\"1024\" height=\"361\" src=\"https:\/\/www.todoeldia.com\/wp-content\/uploads\/2020\/11\/transporte-escolar-2-1024x361.jpg\" alt=\"\" class=\"wp-image-10851\" srcset=\"https:\/\/www.todoeldia.com\/wp-content\/uploads\/2020\/11\/transporte-escolar-2-1024x361.jpg 1024w, https:\/\/www.todoeldia.com\/wp-content\/uploads\/2020\/11\/transporte-escolar-2-300x106.jpg 300w, https:\/\/www.todoeldia.com\/wp-content\/uploads\/2020\/11\/transporte-escolar-2-768x271.jpg 768w, https:\/\/www.todoeldia.com\/wp-content\/uploads\/2020\/11\/transporte-escolar-2-696x245.jpg 696w, https:\/\/www.todoeldia.com\/wp-content\/uploads\/2020\/11\/transporte-escolar-2-1068x376.jpg 1068w, https:\/\/www.todoeldia.com\/wp-content\/uploads\/2020\/11\/transporte-escolar-2-1192x420.jpg 1192w, https:\/\/www.todoeldia.com\/wp-content\/uploads\/2020\/11\/transporte-escolar-2.jpg 1280w\" sizes=\"auto, (max-width: 1024px) 100vw, 1024px\" \/><\/figure>\n\n\n\n<p>A nivel provincial se\u00f1alo que podr\u00edan recibir un subsidio para el transporte escolar como lo hacen gobernadores de otras provincias.<\/p>\n","protected":false},"excerpt":{"rendered":"<p>Transportistas escolares realizaron hoy una manifestaci\u00f3n que comenz\u00f3 en el centro c\u00edvico del Grand Bourg y finaliz\u00f3 en el monumento al General G\u00fcemes en reclamo de subsidios y la ayuda econ\u00f3mica aprobada por Ley en el Congreso de la Naci\u00f3n. Nilda Bin presidente de la Asociaci\u00f3n de Transportes Escolares se\u00f1al\u00f3 que est\u00e1n a la espera [&hellip;]<\/p>\n","protected":false},"author":2,"featured_media":10849,"comment_status":"open","ping_status":"open","sticky":false,"template":"","format":"standard","meta":{"tdm_status":"","tdm_grid_status":"","_joinchat":[],"footnotes":""},"categories":[73],"tags":[],"class_list":{"0":"post-10848","1":"post","2":"type-post","3":"status-publish","4":"format-standard","5":"has-post-thumbnail","7":"category-noticias-general"},"amp_enabled":true,"_links":{"self":[{"href":"https:\/\/www.todoeldia.com\/index.php\/wp-json\/wp\/v2\/posts\/10848","targetHints":{"allow":["GET"]}}],"collection":[{"href":"https:\/\/www.todoeldia.com\/index.php\/wp-json\/wp\/v2\/posts"}],"about":[{"href":"https:\/\/www.todoeldia.com\/index.php\/wp-json\/wp\/v2\/types\/post"}],"author":[{"embeddable":true,"href":"https:\/\/www.todoeldia.com\/index.php\/wp-json\/wp\/v2\/users\/2"}],"replies":[{"embeddable":true,"href":"https:\/\/www.todoeldia.com\/index.php\/wp-json\/wp\/v2\/comments?post=10848"}],"version-history":[{"count":1,"href":"https:\/\/www.todoeldia.com\/index.php\/wp-json\/wp\/v2\/posts\/10848\/revisions"}],"predecessor-version":[{"id":10852,"href":"https:\/\/www.todoeldia.com\/index.php\/wp-json\/wp\/v2\/posts\/10848\/revisions\/10852"}],"wp:featuredmedia":[{"embeddable":true,"href":"https:\/\/www.todoeldia.com\/index.php\/wp-json\/wp\/v2\/media\/10849"}],"wp:attachment":[{"href":"https:\/\/www.todoeldia.com\/index.php\/wp-json\/wp\/v2\/media?parent=10848"}],"wp:term":[{"taxonomy":"category","embeddable":true,"href":"https:\/\/www.todoeldia.com\/index.php\/wp-json\/wp\/v2\/categories?post=10848"},{"taxonomy":"post_tag","embeddable":true,"href":"https:\/\/www.todoeldia.com\/index.php\/wp-json\/wp\/v2\/tags?post=10848"}],"curies":[{"name":"wp","href":"https:\/\/api.w.org\/{rel}","templated":true}]}}