{"id":108935,"date":"2026-04-04T12:42:42","date_gmt":"2026-04-04T15:42:42","guid":{"rendered":"https:\/\/www.todoeldia.com\/?p=108935"},"modified":"2026-04-04T12:46:32","modified_gmt":"2026-04-04T15:46:32","slug":"menos-mal-que-hay-seguridad-se-fugaron-dos-presos-de-la-alcaidia","status":"publish","type":"post","link":"https:\/\/www.todoeldia.com\/index.php\/2026\/04\/04\/menos-mal-que-hay-seguridad-se-fugaron-dos-presos-de-la-alcaidia\/","title":{"rendered":"\u00a1Menos mal que hay seguridad! Se fugaron dos presos de la Alcaidia"},"content":{"rendered":"\n<p>El episodio activ\u00f3 un amplio despliegue de seguridad y deriv\u00f3 en una investigaci\u00f3n interna para determinar c\u00f3mo se produjo la evasi\u00f3n en un espacio bajo custodia estatal.<\/p>\n\n\n\n<p>Dos presos se fugaron de la Alcaid\u00eda General N\u00b01, un establecimiento clave dentro del esquema de detenci\u00f3n transitoria. El episodio no solo gener\u00f3 un inmediato operativo policial, sino que tambi\u00e9n abri\u00f3 interrogantes sobre los mecanismos de control dentro del lugar.<\/p>\n\n\n\n<p>Seg\u00fan los datos recabados, los evadidos fueron identificados como Jonathan Jordan Peloc, de 41 a\u00f1os, y Jorge Miguel \u00c1ngel Fern\u00e1ndez, de 31. Ambos se encontraban alojados bajo custodia del Servicio Penitenciario de Salta, aunque por causas de distinta gravedad.<\/p>\n\n\n\n<p>Peloc estaba detenido por una causa de homicidio agravado por el uso de arma de fuego, vinculada al asesinato de un joven ocurrido en noviembre de 2024 en barrio Alta Tensi\u00f3n. Su detenci\u00f3n se hab\u00eda concretado luego de haber permanecido pr\u00f3fugo durante m\u00e1s de un a\u00f1o, con pedido de captura nacional e internacional. En tanto, Fern\u00e1ndez estaba imputado en una causa por robo, con intervenci\u00f3n de la Fiscal\u00eda Penal N\u00b02 y el Juzgado de Garant\u00eda N\u00b03.<\/p>\n\n\n\n<p>Operativo, recaptura y b\u00fasqueda activa<\/p>\n\n\n\n<figure class=\"wp-block-image size-full is-resized\"><img loading=\"lazy\" decoding=\"async\" width=\"800\" height=\"450\" src=\"https:\/\/www.todoeldia.com\/wp-content\/uploads\/2022\/10\/alcaidia-salta.jpg\" alt=\"\" class=\"wp-image-46977\" style=\"width:1055px;height:auto\" srcset=\"https:\/\/www.todoeldia.com\/wp-content\/uploads\/2022\/10\/alcaidia-salta.jpg 800w, https:\/\/www.todoeldia.com\/wp-content\/uploads\/2022\/10\/alcaidia-salta-300x169.jpg 300w, https:\/\/www.todoeldia.com\/wp-content\/uploads\/2022\/10\/alcaidia-salta-768x432.jpg 768w, https:\/\/www.todoeldia.com\/wp-content\/uploads\/2022\/10\/alcaidia-salta-696x392.jpg 696w, https:\/\/www.todoeldia.com\/wp-content\/uploads\/2022\/10\/alcaidia-salta-747x420.jpg 747w\" sizes=\"auto, (max-width: 800px) 100vw, 800px\" \/><\/figure>\n\n\n\n<p>Tras detectarse la evasi\u00f3n, se activ\u00f3 un operativo de b\u00fasqueda con participaci\u00f3n de distintas unidades policiales. Se dispusieron controles en puntos estrat\u00e9gicos, patrullajes intensivos y tareas de rastrillaje en zonas urbanas y periurbanas.<\/p>\n\n\n\n<p>Uno de los detenidos ya fue recapturado durante la ma\u00f1ana (7.40), se inform\u00f3 oficialmente que Fern\u00e1ndez volvi\u00f3 a quedar bajo custodia. El otro permanece pr\u00f3fugo y es intensamente buscado por la Polic\u00eda de Salta.<\/p>\n\n\n\n<figure class=\"wp-block-image size-large\"><img loading=\"lazy\" decoding=\"async\" width=\"1024\" height=\"550\" src=\"https:\/\/www.todoeldia.com\/wp-content\/uploads\/2026\/04\/image-10-1024x550.png\" alt=\"\" class=\"wp-image-108938\" srcset=\"https:\/\/www.todoeldia.com\/wp-content\/uploads\/2026\/04\/image-10-1024x550.png 1024w, https:\/\/www.todoeldia.com\/wp-content\/uploads\/2026\/04\/image-10-300x161.png 300w, https:\/\/www.todoeldia.com\/wp-content\/uploads\/2026\/04\/image-10-768x413.png 768w, https:\/\/www.todoeldia.com\/wp-content\/uploads\/2026\/04\/image-10-782x420.png 782w, https:\/\/www.todoeldia.com\/wp-content\/uploads\/2026\/04\/image-10-696x374.png 696w, https:\/\/www.todoeldia.com\/wp-content\/uploads\/2026\/04\/image-10-1068x574.png 1068w, https:\/\/www.todoeldia.com\/wp-content\/uploads\/2026\/04\/image-10.png 1256w\" sizes=\"auto, (max-width: 1024px) 100vw, 1024px\" \/><\/figure>\n\n\n\n<p><strong>Peloc, el pr\u00f3fugo<\/strong><\/p>\n\n\n\n<p>Mientras contin\u00faa el operativo en la v\u00eda p\u00fablica, puertas adentro del sistema penitenciario tambi\u00e9n se activaron medidas. Se inici\u00f3 un sumario interno para determinar c\u00f3mo fue posible la fuga y si existieron fallas en los protocolos de seguridad o responsabilidades individuales.<\/p>\n\n\n\n<p>Hasta ahora, no trascendieron detalles oficiales sobre la mec\u00e1nica del escape. Esa falta de precisiones alimenta las dudas sobre los controles en un espacio que, por definici\u00f3n, debe garantizar condiciones estrictas de custodia.<\/p>\n\n\n\n<p>El hecho cobra mayor relevancia por el perfil de uno de los evadidos: un acusado de homicidio que ya hab\u00eda logrado permanecer pr\u00f3fugo durante m\u00e1s de un a\u00f1o antes de ser detenido. Su nueva evasi\u00f3n vuelve a poner el foco en la capacidad del sistema para evitar este tipo de episodios.<\/p>\n","protected":false},"excerpt":{"rendered":"<p>El episodio activ\u00f3 un amplio despliegue de seguridad y deriv\u00f3 en una investigaci\u00f3n interna para determinar c\u00f3mo se produjo la evasi\u00f3n en un espacio bajo custodia estatal. Dos presos se fugaron de la Alcaid\u00eda General N\u00b01, un establecimiento clave dentro del esquema de detenci\u00f3n transitoria. El episodio no solo gener\u00f3 un inmediato operativo policial, sino [&hellip;]<\/p>\n","protected":false},"author":2,"featured_media":108936,"comment_status":"closed","ping_status":"closed","sticky":false,"template":"","format":"standard","meta":{"tdm_status":"","tdm_grid_status":"","_joinchat":[],"footnotes":""},"categories":[73],"tags":[],"class_list":{"0":"post-108935","1":"post","2":"type-post","3":"status-publish","4":"format-standard","5":"has-post-thumbnail","7":"category-noticias-general"},"amp_enabled":true,"_links":{"self":[{"href":"https:\/\/www.todoeldia.com\/index.php\/wp-json\/wp\/v2\/posts\/108935","targetHints":{"allow":["GET"]}}],"collection":[{"href":"https:\/\/www.todoeldia.com\/index.php\/wp-json\/wp\/v2\/posts"}],"about":[{"href":"https:\/\/www.todoeldia.com\/index.php\/wp-json\/wp\/v2\/types\/post"}],"author":[{"embeddable":true,"href":"https:\/\/www.todoeldia.com\/index.php\/wp-json\/wp\/v2\/users\/2"}],"replies":[{"embeddable":true,"href":"https:\/\/www.todoeldia.com\/index.php\/wp-json\/wp\/v2\/comments?post=108935"}],"version-history":[{"count":2,"href":"https:\/\/www.todoeldia.com\/index.php\/wp-json\/wp\/v2\/posts\/108935\/revisions"}],"predecessor-version":[{"id":108939,"href":"https:\/\/www.todoeldia.com\/index.php\/wp-json\/wp\/v2\/posts\/108935\/revisions\/108939"}],"wp:featuredmedia":[{"embeddable":true,"href":"https:\/\/www.todoeldia.com\/index.php\/wp-json\/wp\/v2\/media\/108936"}],"wp:attachment":[{"href":"https:\/\/www.todoeldia.com\/index.php\/wp-json\/wp\/v2\/media?parent=108935"}],"wp:term":[{"taxonomy":"category","embeddable":true,"href":"https:\/\/www.todoeldia.com\/index.php\/wp-json\/wp\/v2\/categories?post=108935"},{"taxonomy":"post_tag","embeddable":true,"href":"https:\/\/www.todoeldia.com\/index.php\/wp-json\/wp\/v2\/tags?post=108935"}],"curies":[{"name":"wp","href":"https:\/\/api.w.org\/{rel}","templated":true}]}}