{"id":108940,"date":"2026-04-04T14:31:12","date_gmt":"2026-04-04T17:31:12","guid":{"rendered":"https:\/\/www.todoeldia.com\/?p=108940"},"modified":"2026-04-04T14:31:13","modified_gmt":"2026-04-04T17:31:13","slug":"secuestraron-abusaron-y-prendieron-fuego-a-una-mujer-de-29-anos-en-perico","status":"publish","type":"post","link":"https:\/\/www.todoeldia.com\/index.php\/2026\/04\/04\/secuestraron-abusaron-y-prendieron-fuego-a-una-mujer-de-29-anos-en-perico\/","title":{"rendered":"Secuestraron, abusaron y prendieron fuego a una mujer de 29 a\u00f1os en Perico"},"content":{"rendered":"\n<p>El brutal ataque ocurri\u00f3 en la zona de alto verde. la v\u00edctima permanece internada con quemaduras en el 30% de su cuerpo y buscan intensamente a los agresores.<\/p>\n\n\n\n<p>Una mujer de 29 a\u00f1os fue secuestrada mientras trabajaba en la v\u00eda p\u00fablica, trasladada a una zona alejada, abusada sexualmente y luego prendida fuego por sus atacantes, que la dejaron abandonada crey\u00e9ndola muerta.<\/p>\n\n\n\n<p>De acuerdo a la informaci\u00f3n recabada, el hecho ocurri\u00f3 en la zona de Alto Verde, donde la v\u00edctima fue interceptada por al menos un agresor que la oblig\u00f3 a subir a un veh\u00edculo. Posteriormente, fue llevada hacia un sector descampado, donde sufri\u00f3 una violenta golpiza y abuso sexual.<\/p>\n\n\n\n<p>Seg\u00fan fuentes del caso, tras el ataque, los responsables le prendieron fuego, provoc\u00e1ndole quemaduras en aproximadamente el 30% del cuerpo.<\/p>\n\n\n\n<p>Horas m\u00e1s tarde, la mujer fue hallada en inmediaciones de la finca Lamas y trasladada de urgencia a un centro de salud.<\/p>\n\n\n\n<p>La v\u00edctima fue identificada como Marisol Garc\u00eda, quien permanece internada en estado delicado bajo cuidados intensivos, mientras evoluciona su cuadro cl\u00ednico.<\/p>\n\n\n\n<p>En paralelo, se inici\u00f3 un operativo para dar con los autores del hecho. La justicia y las fuerzas de seguridad trabajan en la recolecci\u00f3n de pruebas y no descartan ninguna hip\u00f3tesis. Adem\u00e1s, solicitaron la colaboraci\u00f3n de la comunidad para aportar datos que permitan avanzar en la investigaci\u00f3n.<\/p>\n","protected":false},"excerpt":{"rendered":"<p>El brutal ataque ocurri\u00f3 en la zona de alto verde. la v\u00edctima permanece internada con quemaduras en el 30% de su cuerpo y buscan intensamente a los agresores. Una mujer de 29 a\u00f1os fue secuestrada mientras trabajaba en la v\u00eda p\u00fablica, trasladada a una zona alejada, abusada sexualmente y luego prendida fuego por sus atacantes, [&hellip;]<\/p>\n","protected":false},"author":2,"featured_media":108941,"comment_status":"closed","ping_status":"closed","sticky":false,"template":"","format":"standard","meta":{"tdm_status":"","tdm_grid_status":"","_joinchat":[],"footnotes":""},"categories":[73],"tags":[],"class_list":{"0":"post-108940","1":"post","2":"type-post","3":"status-publish","4":"format-standard","5":"has-post-thumbnail","7":"category-noticias-general"},"amp_enabled":true,"_links":{"self":[{"href":"https:\/\/www.todoeldia.com\/index.php\/wp-json\/wp\/v2\/posts\/108940","targetHints":{"allow":["GET"]}}],"collection":[{"href":"https:\/\/www.todoeldia.com\/index.php\/wp-json\/wp\/v2\/posts"}],"about":[{"href":"https:\/\/www.todoeldia.com\/index.php\/wp-json\/wp\/v2\/types\/post"}],"author":[{"embeddable":true,"href":"https:\/\/www.todoeldia.com\/index.php\/wp-json\/wp\/v2\/users\/2"}],"replies":[{"embeddable":true,"href":"https:\/\/www.todoeldia.com\/index.php\/wp-json\/wp\/v2\/comments?post=108940"}],"version-history":[{"count":1,"href":"https:\/\/www.todoeldia.com\/index.php\/wp-json\/wp\/v2\/posts\/108940\/revisions"}],"predecessor-version":[{"id":108942,"href":"https:\/\/www.todoeldia.com\/index.php\/wp-json\/wp\/v2\/posts\/108940\/revisions\/108942"}],"wp:featuredmedia":[{"embeddable":true,"href":"https:\/\/www.todoeldia.com\/index.php\/wp-json\/wp\/v2\/media\/108941"}],"wp:attachment":[{"href":"https:\/\/www.todoeldia.com\/index.php\/wp-json\/wp\/v2\/media?parent=108940"}],"wp:term":[{"taxonomy":"category","embeddable":true,"href":"https:\/\/www.todoeldia.com\/index.php\/wp-json\/wp\/v2\/categories?post=108940"},{"taxonomy":"post_tag","embeddable":true,"href":"https:\/\/www.todoeldia.com\/index.php\/wp-json\/wp\/v2\/tags?post=108940"}],"curies":[{"name":"wp","href":"https:\/\/api.w.org\/{rel}","templated":true}]}}