{"id":108943,"date":"2026-04-04T14:41:42","date_gmt":"2026-04-04T17:41:42","guid":{"rendered":"https:\/\/www.todoeldia.com\/?p=108943"},"modified":"2026-04-04T17:16:13","modified_gmt":"2026-04-04T20:16:13","slug":"ingreso-a-la-casa-de-su-ex-tomo-de-rehen-a-una-nena-y-amenazo-de-muerte-a-todos-los-presentes","status":"publish","type":"post","link":"https:\/\/www.todoeldia.com\/index.php\/2026\/04\/04\/ingreso-a-la-casa-de-su-ex-tomo-de-rehen-a-una-nena-y-amenazo-de-muerte-a-todos-los-presentes\/","title":{"rendered":"Ingreso a la casa de su ex, tom\u00f3 de reh\u00e9n a una nena y amenaz\u00f3 de muerte a todos los presentes"},"content":{"rendered":"\n<p>Un grave hecho de violencia intrafamiliar se registr\u00f3 durante la madrugada en la ciudad de San Jos\u00e9 de Met\u00e1n, donde personal de la Divisi\u00f3n Infanter\u00eda debi\u00f3 intervenir ante una situaci\u00f3n de riesgo que involucraba a una mujer y sus hijos menores de edad.<\/p>\n\n\n\n<p>De acuerdo con las actuaciones policiales, el procedimiento se inici\u00f3 a partir de un informe elevado por el Of. Aux. Gabriel Ramos, jefe de la Divisi\u00f3n Infanter\u00eda, quien se encontraba de servicio en el marco del operativo preventivo \u201cSector Seguro\u201d. Cerca de las 3.30, efectivos fueron comisionados por el Centro de Coordinaci\u00f3n Operativa hacia el extremo de calle Sarmiento, tras un reporte vinculado a un caso de violencia intrafamiliar.<\/p>\n\n\n\n<p>Al arribar al lugar, el personal fue advertido por una mujer mayor que autoriz\u00f3 el ingreso a la vivienda y manifest\u00f3 que la ex pareja de su sobrina se encontraba en el interior, en estado alterado, reteniendo a la joven junto a sus hijos en una de las habitaciones.<\/p>\n\n\n\n<p>Ya dentro del inmueble, los uniformados constataron la presencia de un hombre con signos compatibles con consumo de sustancias estupefacientes, evidenciando una conducta err\u00e1tica y agresiva.<\/p>\n\n\n\n<p>En ese contexto, el sujeto tom\u00f3 a una menor que se encontraba durmiendo, mientras la v\u00edctima, en evidente estado de crisis, gritaba: \u201cpor favor ll\u00e9valo preso me quiso golpear y matar, est\u00e1 re drogado y quiso lastimar a mis hijos\u201d.<\/p>\n\n\n\n<p>Acto seguido, el acusado, al advertir la intervenci\u00f3n policial, profiri\u00f3 amenazas contra el personal: \u201csi ustedes me llevan yo los voy a matar\u201d.<\/p>\n\n\n\n<p>Seg\u00fan el testimonio recabado, el individuo hab\u00eda ingresado previamente por la fuerza al domicilio, provocando da\u00f1os en el mobiliario y exigiendo retomar la relaci\u00f3n bajo amenazas, neg\u00e1ndose a retirarse del lugar.<\/p>\n\n\n\n<p>Frente a la situaci\u00f3n, el oficial a cargo inici\u00f3 una instancia de disuasi\u00f3n verbal con el agresor, quien en un momento de descuido liber\u00f3 a la menor. Inmediatamente, el personal procedi\u00f3 a la reducci\u00f3n del sujeto, que opuso resistencia activa arroj\u00e1ndose al suelo y lanzando patadas con intenciones de agredir a los efectivos.<\/p>\n\n\n\n<p>La intervenci\u00f3n se ajust\u00f3 a lo establecido en el reglamento de uso racional de la fuerza (Art. 10 de la Ley 11.267), aplic\u00e1ndose t\u00e9cnicas de control f\u00edsico hasta lograr la inmovilizaci\u00f3n y posterior colocaci\u00f3n de esposas. El individuo fue retirado del domicilio con colaboraci\u00f3n de familiares y trasladado a sede policial.<\/p>\n\n\n\n<p>Una vez identificado, y tras la verificaci\u00f3n en los sistemas inform\u00e1ticos, se estableci\u00f3 que el acusado registraba un pedido de captura vigente dispuesto por un Tribunal Oral en lo Criminal y Correccional Federal, en el marco de una causa por robo simple con pena de cumplimiento efectivo. Asimismo, pesaban sobre \u00e9l medidas restrictivas solicitadas por la Polic\u00eda Federal en otra causa judicial.<\/p>\n\n\n\n<p>El detenido qued\u00f3 alojado en la dependencia policial y a disposici\u00f3n de la Comisar\u00eda Primera, bajo la \u00f3rbita de la Direcci\u00f3n de Distrito de Prevenci\u00f3n N\u00b0 3, mientras se instruyen actuaciones por amenazas, violaci\u00f3n de domicilio, da\u00f1os, resistencia a la autoridad y otros delitos que pudieran surgir de la investigaci\u00f3n.<\/p>\n","protected":false},"excerpt":{"rendered":"<p>Un grave hecho de violencia intrafamiliar se registr\u00f3 durante la madrugada en la ciudad de San Jos\u00e9 de Met\u00e1n, donde personal de la Divisi\u00f3n Infanter\u00eda debi\u00f3 intervenir ante una situaci\u00f3n de riesgo que involucraba a una mujer y sus hijos menores de edad. De acuerdo con las actuaciones policiales, el procedimiento se inici\u00f3 a partir [&hellip;]<\/p>\n","protected":false},"author":2,"featured_media":25723,"comment_status":"closed","ping_status":"closed","sticky":false,"template":"","format":"standard","meta":{"tdm_status":"","tdm_grid_status":"","_joinchat":[],"footnotes":""},"categories":[73],"tags":[],"class_list":{"0":"post-108943","1":"post","2":"type-post","3":"status-publish","4":"format-standard","5":"has-post-thumbnail","7":"category-noticias-general"},"amp_enabled":true,"_links":{"self":[{"href":"https:\/\/www.todoeldia.com\/index.php\/wp-json\/wp\/v2\/posts\/108943","targetHints":{"allow":["GET"]}}],"collection":[{"href":"https:\/\/www.todoeldia.com\/index.php\/wp-json\/wp\/v2\/posts"}],"about":[{"href":"https:\/\/www.todoeldia.com\/index.php\/wp-json\/wp\/v2\/types\/post"}],"author":[{"embeddable":true,"href":"https:\/\/www.todoeldia.com\/index.php\/wp-json\/wp\/v2\/users\/2"}],"replies":[{"embeddable":true,"href":"https:\/\/www.todoeldia.com\/index.php\/wp-json\/wp\/v2\/comments?post=108943"}],"version-history":[{"count":2,"href":"https:\/\/www.todoeldia.com\/index.php\/wp-json\/wp\/v2\/posts\/108943\/revisions"}],"predecessor-version":[{"id":108945,"href":"https:\/\/www.todoeldia.com\/index.php\/wp-json\/wp\/v2\/posts\/108943\/revisions\/108945"}],"wp:featuredmedia":[{"embeddable":true,"href":"https:\/\/www.todoeldia.com\/index.php\/wp-json\/wp\/v2\/media\/25723"}],"wp:attachment":[{"href":"https:\/\/www.todoeldia.com\/index.php\/wp-json\/wp\/v2\/media?parent=108943"}],"wp:term":[{"taxonomy":"category","embeddable":true,"href":"https:\/\/www.todoeldia.com\/index.php\/wp-json\/wp\/v2\/categories?post=108943"},{"taxonomy":"post_tag","embeddable":true,"href":"https:\/\/www.todoeldia.com\/index.php\/wp-json\/wp\/v2\/tags?post=108943"}],"curies":[{"name":"wp","href":"https:\/\/api.w.org\/{rel}","templated":true}]}}