{"id":10935,"date":"2020-11-11T08:15:42","date_gmt":"2020-11-11T11:15:42","guid":{"rendered":"https:\/\/www.todoeldia.com\/?p=10935"},"modified":"2020-11-11T08:15:43","modified_gmt":"2020-11-11T11:15:43","slug":"imputaron-a-los-familiares-que-se-robaron-un-cadaver-de-la-morgue-del-hospital-de-tartagal","status":"publish","type":"post","link":"https:\/\/www.todoeldia.com\/index.php\/2020\/11\/11\/imputaron-a-los-familiares-que-se-robaron-un-cadaver-de-la-morgue-del-hospital-de-tartagal\/","title":{"rendered":"Imputaron a los familiares que se robaron un cad\u00e1ver de la morgue del hospital de Tartagal"},"content":{"rendered":"\n<p>El&nbsp;fiscal penal 2 de Tartagal, Jos\u00e9 Rafael Medina, imput\u00f3 a los familiares del hombre fallecido en el hospital de Tartagal por el robo de su cad\u00e1ver desde la morgue y por violaci\u00f3n de las medidas sanitarias.<\/p>\n\n\n\n<p>Se trata de la&nbsp;esposa, dos hijas, un hijo y un yerno de un hombre de 69 a\u00f1os,&nbsp;fallecido&nbsp;en el hospital Juan Domingo Per\u00f3n con&nbsp;sintomatolog\u00eda compatible con COVID-19.<\/p>\n\n\n\n<p>Los familiares, retiraron el cuerpo de la morgue sin autorizaci\u00f3n, lo subieron a una camioneta y lo trasladaron a su domicilio para realizar el velatorio. La denuncia fue realizada por el gerente del hospital local. Por voluntad de las partes, el caso est\u00e1 en proceso de mediaci\u00f3n.<\/p>\n\n\n\n<p>El hecho&nbsp;ocurri\u00f3 el pasado 11 de octubre en Tartagal, cuando los&nbsp;familiares de un hombre de 69 a\u00f1os, fallecido con s\u00edntomas compatibles con COVID-19,&nbsp;ingresaron en forma violenta a la morgue&nbsp;del hospital Juan Domingo Per\u00f3n y&nbsp;retiraron el cuerpo en un veh\u00edculo particular para realizar un velatorio en su domicilio.<\/p>\n\n\n\n<p>.<\/p>\n","protected":false},"excerpt":{"rendered":"<p>El&nbsp;fiscal penal 2 de Tartagal, Jos\u00e9 Rafael Medina, imput\u00f3 a los familiares del hombre fallecido en el hospital de Tartagal por el robo de su cad\u00e1ver desde la morgue y por violaci\u00f3n de las medidas sanitarias. Se trata de la&nbsp;esposa, dos hijas, un hijo y un yerno de un hombre de 69 a\u00f1os,&nbsp;fallecido&nbsp;en el hospital [&hellip;]<\/p>\n","protected":false},"author":2,"featured_media":10936,"comment_status":"open","ping_status":"open","sticky":false,"template":"","format":"standard","meta":{"tdm_status":"","tdm_grid_status":"","_joinchat":[],"footnotes":""},"categories":[73],"tags":[],"class_list":{"0":"post-10935","1":"post","2":"type-post","3":"status-publish","4":"format-standard","5":"has-post-thumbnail","7":"category-noticias-general"},"amp_enabled":true,"_links":{"self":[{"href":"https:\/\/www.todoeldia.com\/index.php\/wp-json\/wp\/v2\/posts\/10935","targetHints":{"allow":["GET"]}}],"collection":[{"href":"https:\/\/www.todoeldia.com\/index.php\/wp-json\/wp\/v2\/posts"}],"about":[{"href":"https:\/\/www.todoeldia.com\/index.php\/wp-json\/wp\/v2\/types\/post"}],"author":[{"embeddable":true,"href":"https:\/\/www.todoeldia.com\/index.php\/wp-json\/wp\/v2\/users\/2"}],"replies":[{"embeddable":true,"href":"https:\/\/www.todoeldia.com\/index.php\/wp-json\/wp\/v2\/comments?post=10935"}],"version-history":[{"count":1,"href":"https:\/\/www.todoeldia.com\/index.php\/wp-json\/wp\/v2\/posts\/10935\/revisions"}],"predecessor-version":[{"id":10937,"href":"https:\/\/www.todoeldia.com\/index.php\/wp-json\/wp\/v2\/posts\/10935\/revisions\/10937"}],"wp:featuredmedia":[{"embeddable":true,"href":"https:\/\/www.todoeldia.com\/index.php\/wp-json\/wp\/v2\/media\/10936"}],"wp:attachment":[{"href":"https:\/\/www.todoeldia.com\/index.php\/wp-json\/wp\/v2\/media?parent=10935"}],"wp:term":[{"taxonomy":"category","embeddable":true,"href":"https:\/\/www.todoeldia.com\/index.php\/wp-json\/wp\/v2\/categories?post=10935"},{"taxonomy":"post_tag","embeddable":true,"href":"https:\/\/www.todoeldia.com\/index.php\/wp-json\/wp\/v2\/tags?post=10935"}],"curies":[{"name":"wp","href":"https:\/\/api.w.org\/{rel}","templated":true}]}}