{"id":10941,"date":"2020-11-11T09:25:26","date_gmt":"2020-11-11T12:25:26","guid":{"rendered":"https:\/\/www.todoeldia.com\/?p=10941"},"modified":"2020-11-11T09:25:27","modified_gmt":"2020-11-11T12:25:27","slug":"denuncian-que-el-sub-gerente-del-hospital-de-oran-tiene-tres-cargos-con-una-escandalosa-incompatibilidad","status":"publish","type":"post","link":"https:\/\/www.todoeldia.com\/index.php\/2020\/11\/11\/denuncian-que-el-sub-gerente-del-hospital-de-oran-tiene-tres-cargos-con-una-escandalosa-incompatibilidad\/","title":{"rendered":"Denuncian que el sub gerente del hospital de Or\u00e1n tiene tres cargos con una escandalosa incompatibilidad"},"content":{"rendered":"\n<p>El Dr. Montiel Gabriel Montiel (MP 6065) es un personaje que se mueve entre los entretelones del poder dedicado a cumplir con los mandatos m\u00e1s sensibles que le encarga el Intendente de Or\u00e1n.<\/p>\n\n\n\n<p>Esta nombrado en tres cargos incompatibles: es Sub Gerente del Hospital de Or\u00e1n y al mismo tiempo es Medico laboral auditor que regentea las licencias de los empleados p\u00fablicos de la provincia en la empresa privada Mas Salud que opera en la Cl\u00ednica G\u00fcemes propiedad del Intendente. Adem\u00e1s, autoriza los certificados m\u00e9dicos de los empleados municipales.<\/p>\n\n\n\n<p>Esto es decir atiende en ambos lados del mostrador. Cobra por administra la recaudaci\u00f3n del arancelamiento del hospital p\u00fablico y en el mismo horario cobra por autorizar licencias en la empresa privada. Si no es una incompatibilidad jur\u00eddica al menos es una incompatibilidad pol\u00edtica.<\/p>\n\n\n\n<p>Fuentes sanitarias aseguran que Montiel todos los d\u00edas es el responsable de realizar los dep\u00f3sitos bancarios correspondiente a la recaudaci\u00f3n de los fondos de arancelamiento del Hospital, sin embargo, otras fuentes dicen que las reiteradas visitas el profesional al Banco Patagonia tiene que ver con la administraci\u00f3n de los fondos privados.<\/p>\n\n\n\n<p>Montiel se gan\u00f3 la confianza de Pablo Gonz\u00e1lez cuando comenz\u00f3 a trabajar como m\u00e9dico puntero en el M\u00f3vil de la Salud, el carrito que recorr\u00eda los barrios dando certificados m\u00e9dicos para las familias que inscrib\u00edan a sus hijos en la escuela.<\/p>\n\n\n\n<p>Tras la campa\u00f1a electoral y con la asunci\u00f3n del intendente, a Montiel le inventaron un cargo en la municipalidad como Gerente de Salud. Seg\u00fan indican los m\u00e1s allegados al gabinete, Montiel es el principal responsable de la criminal administraci\u00f3n de la pandemia que en Oran que se cobr\u00f3 la vida de cientos de vecinos. Otros dicen que solo obedece las escritas \u00f3rdenes del jefe pol\u00edtico.<\/p>\n\n\n\n<p>Tras las marchas y protestas en Or\u00e1n que desat\u00f3 una crisis que comenz\u00f3 con la renuncia de la Ministra de Salud de la provincia y el cuestionamiento de la falta de ejecuci\u00f3n de los 60 millones de pesos en obras inherentes a Salud.&nbsp; Gonz\u00e1lez tuvo que recambiar su gabinete, golpeado por la opini\u00f3n p\u00fablica. Sin embargo, los cambios fueron maquillajes. Los funcionarios se fueron a otras \u00e1reas y todo sigui\u00f3 igual.<\/p>\n\n\n\n<p>El caso del Dr. Montiel es el mejor ejemplo. Lo sacaron como Gerente de Salud Municipal para nombrarlo en la Subgerencia del Hospital de Or\u00e1n. De esta forma perversa, premiaron al responsable pol\u00edtico del desastre en la pandemia ubic\u00e1ndolo en un cargo superior y con m\u00e1s poder. Algo similar quisieron hacer a nivel provincial con la ex Ministra Medrano cuando tras su renuncia la quisieron nombrar en el PAMI de Salta pero como su exposici\u00f3n era mayor, fue repudiada.<\/p>\n\n\n\n<p>La p\u00e1gina Oficial del Hospital San Vicente de Paul da cuenta de su cargo, mientras que las carpetas medicas de los empleados p\u00fablicos certifican su segundo cargo. Pero a estos dos cargos se le habr\u00eda sumado uno m\u00e1s. Montiel ser\u00eda tambi\u00e9n el medico laboral de la municipalidad y por lo tanto cobrar\u00eda por este servicio.<\/p>\n\n\n\n<p>El tercer cargo apareci\u00f3 cuestionado durante las asambleas de los trabajadores municipales que se comenzaron a movilizar por las paritarias, denuncian que Montiel sigue trabajando en la Municipalidad a pesar de ser sub gerente y se encarga de revisar los certificados m\u00e9dicos, realizando la atenci\u00f3n m\u00e9dica en el sal\u00f3n del bicentenario.<\/p>\n\n\n\n<p>Objetivamente el Dr Montiel es Subgerente del Hospital, al mismo tiempo Medico laboral de Mas Salud y medico auditor de las licencias en la Municipalidad. La pregunta es, \u00bfpuede un funcionario p\u00fablico nombrado en un cargo tan sensible como la gerencia del Hospital, cuya poblaci\u00f3n que afronta una crisis en curso por la pandemia, dividir su tiempo en otras labores sin dedicarse de forma exclusiva?<\/p>\n\n\n\n<p>La poblaci\u00f3n de Or\u00e1n, sensibilizada por la crisis sanitaria, necesita una respuesta concreta no solo del profesional en cuesti\u00f3n sino tambi\u00e9n de los funcionarios pol\u00edticos que promueven esta incompatibilidad.<\/p>\n\n\n\n<p>CADENA NOA ORAN<\/p>\n","protected":false},"excerpt":{"rendered":"<p>El Dr. Montiel Gabriel Montiel (MP 6065) es un personaje que se mueve entre los entretelones del poder dedicado a cumplir con los mandatos m\u00e1s sensibles que le encarga el Intendente de Or\u00e1n. Esta nombrado en tres cargos incompatibles: es Sub Gerente del Hospital de Or\u00e1n y al mismo tiempo es Medico laboral auditor que [&hellip;]<\/p>\n","protected":false},"author":2,"featured_media":10942,"comment_status":"open","ping_status":"open","sticky":false,"template":"","format":"standard","meta":{"tdm_status":"","tdm_grid_status":"","_joinchat":[],"footnotes":""},"categories":[59],"tags":[],"class_list":{"0":"post-10941","1":"post","2":"type-post","3":"status-publish","4":"format-standard","5":"has-post-thumbnail","7":"category-politica"},"amp_enabled":true,"_links":{"self":[{"href":"https:\/\/www.todoeldia.com\/index.php\/wp-json\/wp\/v2\/posts\/10941","targetHints":{"allow":["GET"]}}],"collection":[{"href":"https:\/\/www.todoeldia.com\/index.php\/wp-json\/wp\/v2\/posts"}],"about":[{"href":"https:\/\/www.todoeldia.com\/index.php\/wp-json\/wp\/v2\/types\/post"}],"author":[{"embeddable":true,"href":"https:\/\/www.todoeldia.com\/index.php\/wp-json\/wp\/v2\/users\/2"}],"replies":[{"embeddable":true,"href":"https:\/\/www.todoeldia.com\/index.php\/wp-json\/wp\/v2\/comments?post=10941"}],"version-history":[{"count":1,"href":"https:\/\/www.todoeldia.com\/index.php\/wp-json\/wp\/v2\/posts\/10941\/revisions"}],"predecessor-version":[{"id":10943,"href":"https:\/\/www.todoeldia.com\/index.php\/wp-json\/wp\/v2\/posts\/10941\/revisions\/10943"}],"wp:featuredmedia":[{"embeddable":true,"href":"https:\/\/www.todoeldia.com\/index.php\/wp-json\/wp\/v2\/media\/10942"}],"wp:attachment":[{"href":"https:\/\/www.todoeldia.com\/index.php\/wp-json\/wp\/v2\/media?parent=10941"}],"wp:term":[{"taxonomy":"category","embeddable":true,"href":"https:\/\/www.todoeldia.com\/index.php\/wp-json\/wp\/v2\/categories?post=10941"},{"taxonomy":"post_tag","embeddable":true,"href":"https:\/\/www.todoeldia.com\/index.php\/wp-json\/wp\/v2\/tags?post=10941"}],"curies":[{"name":"wp","href":"https:\/\/api.w.org\/{rel}","templated":true}]}}