{"id":109485,"date":"2026-04-27T10:49:46","date_gmt":"2026-04-27T13:49:46","guid":{"rendered":"https:\/\/www.todoeldia.com\/?p=109485"},"modified":"2026-04-27T10:49:48","modified_gmt":"2026-04-27T13:49:48","slug":"avanza-el-juicio-contra-un-profesor-de-musica-que-abusaba-y-grababa-desnudas-a-sus-alumnas","status":"publish","type":"post","link":"https:\/\/www.todoeldia.com\/index.php\/2026\/04\/27\/avanza-el-juicio-contra-un-profesor-de-musica-que-abusaba-y-grababa-desnudas-a-sus-alumnas\/","title":{"rendered":"Avanza el juicio contra un profesor de m\u00fasica que abusaba y grababa desnudas a sus alumnas"},"content":{"rendered":"\n<p>En una audiencia flexible y multiprop\u00f3sito del Plan de oralidad se tuvo por incorporada la prueba en una causa seguida contra un sujeto de 29 a\u00f1os imputado por los delitos de producci\u00f3n de material de abuso y\/o explotaci\u00f3n sexual infantil agravado por la participaci\u00f3n de menores de 13 a\u00f1os de edad, abuso sexual con acceso carnal (dos hechos), amenazas agravadas y amenazas, en concurso real.<\/p>\n\n\n\n<p>La jueza Norma Beatriz Vera orden\u00f3 remitir la causa a la oficina judicial correspondiente para que se proceda al inmediato sorteo del magistrado que intervendr\u00e1 en el juicio y para que se fije la fecha de su realizaci\u00f3n.<\/p>\n\n\n\n<p>La causa se inici\u00f3 a partir de la denuncia de una mujer, quien refiri\u00f3 tener una hermana menor, de 15 a\u00f1os, con problemas de adicci\u00f3n. Dijo que en una oportunidad le retuvo el celular y descubri\u00f3 que la adolescente se comunicaba con un hombre que aparentemente era profesor de canto en una escuela de m\u00fasica. En los chats con el sujeto encontr\u00f3 videos donde el acusado grababa a la menor en una cama, semidesnuda. Tambi\u00e9n le mandaba v\u00eddeos donde se observaban sustancias estupefacientes y pastillas que le ofrec\u00eda a cambio de que fuera a su domicilio.<\/p>\n","protected":false},"excerpt":{"rendered":"<p>En una audiencia flexible y multiprop\u00f3sito del Plan de oralidad se tuvo por incorporada la prueba en una causa seguida contra un sujeto de 29 a\u00f1os imputado por los delitos de producci\u00f3n de material de abuso y\/o explotaci\u00f3n sexual infantil agravado por la participaci\u00f3n de menores de 13 a\u00f1os de edad, abuso sexual con acceso [&hellip;]<\/p>\n","protected":false},"author":2,"featured_media":9494,"comment_status":"closed","ping_status":"closed","sticky":false,"template":"","format":"standard","meta":{"tdm_status":"","tdm_grid_status":"","_joinchat":[],"footnotes":""},"categories":[73],"tags":[],"class_list":{"0":"post-109485","1":"post","2":"type-post","3":"status-publish","4":"format-standard","5":"has-post-thumbnail","7":"category-noticias-general"},"amp_enabled":true,"_links":{"self":[{"href":"https:\/\/www.todoeldia.com\/index.php\/wp-json\/wp\/v2\/posts\/109485","targetHints":{"allow":["GET"]}}],"collection":[{"href":"https:\/\/www.todoeldia.com\/index.php\/wp-json\/wp\/v2\/posts"}],"about":[{"href":"https:\/\/www.todoeldia.com\/index.php\/wp-json\/wp\/v2\/types\/post"}],"author":[{"embeddable":true,"href":"https:\/\/www.todoeldia.com\/index.php\/wp-json\/wp\/v2\/users\/2"}],"replies":[{"embeddable":true,"href":"https:\/\/www.todoeldia.com\/index.php\/wp-json\/wp\/v2\/comments?post=109485"}],"version-history":[{"count":1,"href":"https:\/\/www.todoeldia.com\/index.php\/wp-json\/wp\/v2\/posts\/109485\/revisions"}],"predecessor-version":[{"id":109486,"href":"https:\/\/www.todoeldia.com\/index.php\/wp-json\/wp\/v2\/posts\/109485\/revisions\/109486"}],"wp:featuredmedia":[{"embeddable":true,"href":"https:\/\/www.todoeldia.com\/index.php\/wp-json\/wp\/v2\/media\/9494"}],"wp:attachment":[{"href":"https:\/\/www.todoeldia.com\/index.php\/wp-json\/wp\/v2\/media?parent=109485"}],"wp:term":[{"taxonomy":"category","embeddable":true,"href":"https:\/\/www.todoeldia.com\/index.php\/wp-json\/wp\/v2\/categories?post=109485"},{"taxonomy":"post_tag","embeddable":true,"href":"https:\/\/www.todoeldia.com\/index.php\/wp-json\/wp\/v2\/tags?post=109485"}],"curies":[{"name":"wp","href":"https:\/\/api.w.org\/{rel}","templated":true}]}}