{"id":109496,"date":"2026-04-27T13:08:17","date_gmt":"2026-04-27T16:08:17","guid":{"rendered":"https:\/\/www.todoeldia.com\/?p=109496"},"modified":"2026-04-27T13:08:18","modified_gmt":"2026-04-27T16:08:18","slug":"detienen-en-guemes-a-14-colombianos-que-ingresaron-ilegalmente-al-pais-y-viajaban-a-buenos-aires","status":"publish","type":"post","link":"https:\/\/www.todoeldia.com\/index.php\/2026\/04\/27\/detienen-en-guemes-a-14-colombianos-que-ingresaron-ilegalmente-al-pais-y-viajaban-a-buenos-aires\/","title":{"rendered":"Detienen en G\u00fcemes a 14 colombianos que ingresaron ilegalmente al pa\u00eds y viajaban a Buenos Aires"},"content":{"rendered":"\n<p>Ayer, efectivos del Escuadr\u00f3n 45 \u201cSalta\u201d detuvieron la marcha de un transporte p\u00fablico de pasajeros, sobre la Ruta Provincial N\u00ba10, en la localidad salte\u00f1a de General G\u00fcemes, proveniente de la provincia de Jujuy y con destino Buenos Aires.<\/p>\n\n\n\n<p>Durante la inspecci\u00f3n documentol\u00f3gica, los uniformados constataron que viajaban 14 ciudadanos de nacionalidad colombiana sin ning\u00fan documento que avale su ingreso al pa\u00eds. Entre ellos hab\u00eda una joven menor de edad, sin progenitores, sin mayores responsables a cargo, que despert\u00f3 las sospechas de los gendarmes.<\/p>\n\n\n\n<figure class=\"wp-block-image size-large\"><img loading=\"lazy\" decoding=\"async\" width=\"1024\" height=\"610\" src=\"https:\/\/www.todoeldia.com\/wp-content\/uploads\/2026\/04\/image-91-1024x610.png\" alt=\"\" class=\"wp-image-109498\" srcset=\"https:\/\/www.todoeldia.com\/wp-content\/uploads\/2026\/04\/image-91-1024x610.png 1024w, https:\/\/www.todoeldia.com\/wp-content\/uploads\/2026\/04\/image-91-300x179.png 300w, https:\/\/www.todoeldia.com\/wp-content\/uploads\/2026\/04\/image-91-768x457.png 768w, https:\/\/www.todoeldia.com\/wp-content\/uploads\/2026\/04\/image-91-705x420.png 705w, https:\/\/www.todoeldia.com\/wp-content\/uploads\/2026\/04\/image-91-696x415.png 696w, https:\/\/www.todoeldia.com\/wp-content\/uploads\/2026\/04\/image-91-1068x636.png 1068w, https:\/\/www.todoeldia.com\/wp-content\/uploads\/2026\/04\/image-91.png 1135w\" sizes=\"auto, (max-width: 1024px) 100vw, 1024px\" \/><\/figure>\n\n\n\n<p>Inmediatamente, los funcionarios procedieron al registro de los equipajes de la joven y de los acompa\u00f1antes, hallando en el interior elementos de uso \u00edntimo, entre otras pertenencias.<\/p>\n\n\n\n<figure class=\"wp-block-image size-large\"><img loading=\"lazy\" decoding=\"async\" width=\"1024\" height=\"768\" src=\"https:\/\/www.todoeldia.com\/wp-content\/uploads\/2026\/04\/image-93-1024x768.png\" alt=\"\" class=\"wp-image-109500\" srcset=\"https:\/\/www.todoeldia.com\/wp-content\/uploads\/2026\/04\/image-93-1024x768.png 1024w, https:\/\/www.todoeldia.com\/wp-content\/uploads\/2026\/04\/image-93-300x225.png 300w, https:\/\/www.todoeldia.com\/wp-content\/uploads\/2026\/04\/image-93-768x576.png 768w, https:\/\/www.todoeldia.com\/wp-content\/uploads\/2026\/04\/image-93-560x420.png 560w, https:\/\/www.todoeldia.com\/wp-content\/uploads\/2026\/04\/image-93-80x60.png 80w, https:\/\/www.todoeldia.com\/wp-content\/uploads\/2026\/04\/image-93-696x522.png 696w, https:\/\/www.todoeldia.com\/wp-content\/uploads\/2026\/04\/image-93-1068x801.png 1068w, https:\/\/www.todoeldia.com\/wp-content\/uploads\/2026\/04\/image-93-265x198.png 265w, https:\/\/www.todoeldia.com\/wp-content\/uploads\/2026\/04\/image-93.png 1280w\" sizes=\"auto, (max-width: 1024px) 100vw, 1024px\" \/><\/figure>\n\n\n\n<p>El Magistrado interviniente dispuso que la presunta v\u00edctima de trata sea trasladada al Hospital de la localidad de G\u00fcemes para realizarle estudios m\u00e9dicos, y posteriormente, al hospital Materno Infantil de la ciudad de Salta donde permaneci\u00f3 internada con custodia policial.<\/p>\n\n\n\n<p>En este contexto, en el control sobre el transporte el personal de la Fuerza secuestr\u00f3 280 kilos de hojas de coca en estado natural, que iban escondidos en un doble fondo de la bodega y 112 bultos de mercader\u00eda de origen extranjero.<\/p>\n\n\n\n<figure class=\"wp-block-image size-large\"><img loading=\"lazy\" decoding=\"async\" width=\"1024\" height=\"933\" src=\"https:\/\/www.todoeldia.com\/wp-content\/uploads\/2026\/04\/image-92-1024x933.png\" alt=\"\" class=\"wp-image-109499\" srcset=\"https:\/\/www.todoeldia.com\/wp-content\/uploads\/2026\/04\/image-92-1024x933.png 1024w, https:\/\/www.todoeldia.com\/wp-content\/uploads\/2026\/04\/image-92-300x273.png 300w, https:\/\/www.todoeldia.com\/wp-content\/uploads\/2026\/04\/image-92-768x700.png 768w, https:\/\/www.todoeldia.com\/wp-content\/uploads\/2026\/04\/image-92-461x420.png 461w, https:\/\/www.todoeldia.com\/wp-content\/uploads\/2026\/04\/image-92-696x634.png 696w, https:\/\/www.todoeldia.com\/wp-content\/uploads\/2026\/04\/image-92-1068x973.png 1068w, https:\/\/www.todoeldia.com\/wp-content\/uploads\/2026\/04\/image-92.png 1080w\" sizes=\"auto, (max-width: 1024px) 100vw, 1024px\" \/><\/figure>\n\n\n\n<p>Intervino la Fiscal\u00eda Federal de Salta, quien orden\u00f3 la detenci\u00f3n de los 13 ciudadanos colombianos, y luego de las actuaciones, se proceda a la expulsi\u00f3n por el Paso Internacional de Aguas Blancas, mientras que los dos conductores y la coordinadora quedaron supeditados a la causa. Con respecto a la v\u00edctima, se dispuso que sea entregada a la Direcci\u00f3n de Trata de Persona de la provincia de Salta.<\/p>\n","protected":false},"excerpt":{"rendered":"<p>Ayer, efectivos del Escuadr\u00f3n 45 \u201cSalta\u201d detuvieron la marcha de un transporte p\u00fablico de pasajeros, sobre la Ruta Provincial N\u00ba10, en la localidad salte\u00f1a de General G\u00fcemes, proveniente de la provincia de Jujuy y con destino Buenos Aires. Durante la inspecci\u00f3n documentol\u00f3gica, los uniformados constataron que viajaban 14 ciudadanos de nacionalidad colombiana sin ning\u00fan documento [&hellip;]<\/p>\n","protected":false},"author":2,"featured_media":109497,"comment_status":"closed","ping_status":"closed","sticky":false,"template":"","format":"standard","meta":{"tdm_status":"","tdm_grid_status":"","_joinchat":[],"footnotes":""},"categories":[73],"tags":[],"class_list":{"0":"post-109496","1":"post","2":"type-post","3":"status-publish","4":"format-standard","5":"has-post-thumbnail","7":"category-noticias-general"},"amp_enabled":true,"_links":{"self":[{"href":"https:\/\/www.todoeldia.com\/index.php\/wp-json\/wp\/v2\/posts\/109496","targetHints":{"allow":["GET"]}}],"collection":[{"href":"https:\/\/www.todoeldia.com\/index.php\/wp-json\/wp\/v2\/posts"}],"about":[{"href":"https:\/\/www.todoeldia.com\/index.php\/wp-json\/wp\/v2\/types\/post"}],"author":[{"embeddable":true,"href":"https:\/\/www.todoeldia.com\/index.php\/wp-json\/wp\/v2\/users\/2"}],"replies":[{"embeddable":true,"href":"https:\/\/www.todoeldia.com\/index.php\/wp-json\/wp\/v2\/comments?post=109496"}],"version-history":[{"count":1,"href":"https:\/\/www.todoeldia.com\/index.php\/wp-json\/wp\/v2\/posts\/109496\/revisions"}],"predecessor-version":[{"id":109501,"href":"https:\/\/www.todoeldia.com\/index.php\/wp-json\/wp\/v2\/posts\/109496\/revisions\/109501"}],"wp:featuredmedia":[{"embeddable":true,"href":"https:\/\/www.todoeldia.com\/index.php\/wp-json\/wp\/v2\/media\/109497"}],"wp:attachment":[{"href":"https:\/\/www.todoeldia.com\/index.php\/wp-json\/wp\/v2\/media?parent=109496"}],"wp:term":[{"taxonomy":"category","embeddable":true,"href":"https:\/\/www.todoeldia.com\/index.php\/wp-json\/wp\/v2\/categories?post=109496"},{"taxonomy":"post_tag","embeddable":true,"href":"https:\/\/www.todoeldia.com\/index.php\/wp-json\/wp\/v2\/tags?post=109496"}],"curies":[{"name":"wp","href":"https:\/\/api.w.org\/{rel}","templated":true}]}}