{"id":109511,"date":"2026-04-27T17:54:16","date_gmt":"2026-04-27T20:54:16","guid":{"rendered":"https:\/\/www.todoeldia.com\/?p=109511"},"modified":"2026-04-27T17:54:18","modified_gmt":"2026-04-27T20:54:18","slug":"con-la-seleccion-del-jurado-este-martes-28-comienza-el-primer-juicio-por-jurados-en-oran","status":"publish","type":"post","link":"https:\/\/www.todoeldia.com\/index.php\/2026\/04\/27\/con-la-seleccion-del-jurado-este-martes-28-comienza-el-primer-juicio-por-jurados-en-oran\/","title":{"rendered":"Con la selecci\u00f3n del jurado, este martes 28 comienza el primer juicio por jurados en Or\u00e1n"},"content":{"rendered":"\n<p>Seg\u00fan lo previsto, luego de seleccionar a los 12 miembros del jurado y a los 4 suplentes, se dar\u00e1 lugar a los alegatos iniciales de la Fiscal\u00eda y la Defensa. Luego, se producir\u00e1n los primeros testimonios.<\/p>\n\n\n\n<p>Los fiscales penales Mar\u00eda Soledad Filtrin y Santiago L\u00f3pez Soto, junto al secretario relator de la Procuraci\u00f3n General, Aldo Saravia, en Unidad Fiscal, representar\u00e1n al Ministerio P\u00fablico Fiscal en la audiencia de debate bajo la modalidad de juicio por jurado, contra un hombre de 35 a\u00f1os, acusado como autor del delito de homicidio agravado por alevos\u00eda.<\/p>\n\n\n\n<p>La audiencia ser\u00e1 presidida por el t\u00e9cnico Mario Maldonado y se desarrollar\u00e1 en la sede Or\u00e1n de la UPATECO, con la presencia de las partes intervinientes.<\/p>\n\n\n\n<p>Seg\u00fan lo acordado en las audiencias preliminares, este martes 28 de abril se llevar\u00e1 a cabo la audiencia de selecci\u00f3n de jurados, instancia para la cual fueron convocadas 80 personas preseleccionadas. Durante la jornada se proceder\u00e1 a la conformaci\u00f3n del panel definitivo, que estar\u00e1 integrado por 12 jurados titulares y 4 suplentes.<\/p>\n\n\n\n<p>Finalizada esta instancia, se prev\u00e9 el inicio del debate con los alegatos iniciales por parte de la Fiscal\u00eda y la Defensa.<\/p>\n","protected":false},"excerpt":{"rendered":"<p>Seg\u00fan lo previsto, luego de seleccionar a los 12 miembros del jurado y a los 4 suplentes, se dar\u00e1 lugar a los alegatos iniciales de la Fiscal\u00eda y la Defensa. Luego, se producir\u00e1n los primeros testimonios. Los fiscales penales Mar\u00eda Soledad Filtrin y Santiago L\u00f3pez Soto, junto al secretario relator de la Procuraci\u00f3n General, Aldo [&hellip;]<\/p>\n","protected":false},"author":2,"featured_media":96785,"comment_status":"closed","ping_status":"closed","sticky":false,"template":"","format":"standard","meta":{"tdm_status":"","tdm_grid_status":"","_joinchat":[],"footnotes":""},"categories":[73],"tags":[],"class_list":{"0":"post-109511","1":"post","2":"type-post","3":"status-publish","4":"format-standard","5":"has-post-thumbnail","7":"category-noticias-general"},"amp_enabled":true,"_links":{"self":[{"href":"https:\/\/www.todoeldia.com\/index.php\/wp-json\/wp\/v2\/posts\/109511","targetHints":{"allow":["GET"]}}],"collection":[{"href":"https:\/\/www.todoeldia.com\/index.php\/wp-json\/wp\/v2\/posts"}],"about":[{"href":"https:\/\/www.todoeldia.com\/index.php\/wp-json\/wp\/v2\/types\/post"}],"author":[{"embeddable":true,"href":"https:\/\/www.todoeldia.com\/index.php\/wp-json\/wp\/v2\/users\/2"}],"replies":[{"embeddable":true,"href":"https:\/\/www.todoeldia.com\/index.php\/wp-json\/wp\/v2\/comments?post=109511"}],"version-history":[{"count":1,"href":"https:\/\/www.todoeldia.com\/index.php\/wp-json\/wp\/v2\/posts\/109511\/revisions"}],"predecessor-version":[{"id":109512,"href":"https:\/\/www.todoeldia.com\/index.php\/wp-json\/wp\/v2\/posts\/109511\/revisions\/109512"}],"wp:featuredmedia":[{"embeddable":true,"href":"https:\/\/www.todoeldia.com\/index.php\/wp-json\/wp\/v2\/media\/96785"}],"wp:attachment":[{"href":"https:\/\/www.todoeldia.com\/index.php\/wp-json\/wp\/v2\/media?parent=109511"}],"wp:term":[{"taxonomy":"category","embeddable":true,"href":"https:\/\/www.todoeldia.com\/index.php\/wp-json\/wp\/v2\/categories?post=109511"},{"taxonomy":"post_tag","embeddable":true,"href":"https:\/\/www.todoeldia.com\/index.php\/wp-json\/wp\/v2\/tags?post=109511"}],"curies":[{"name":"wp","href":"https:\/\/api.w.org\/{rel}","templated":true}]}}