{"id":109513,"date":"2026-04-27T18:17:55","date_gmt":"2026-04-27T21:17:55","guid":{"rendered":"https:\/\/www.todoeldia.com\/?p=109513"},"modified":"2026-04-27T18:17:56","modified_gmt":"2026-04-27T21:17:56","slug":"la-municipalidad-de-rosario-de-la-frontera-respondio-a-los-reclamos-por-el-estado-de-las-calles","status":"publish","type":"post","link":"https:\/\/www.todoeldia.com\/index.php\/2026\/04\/27\/la-municipalidad-de-rosario-de-la-frontera-respondio-a-los-reclamos-por-el-estado-de-las-calles\/","title":{"rendered":"La Municipalidad de Rosario de la Frontera respondi\u00f3 a los reclamos por el estado de las calles"},"content":{"rendered":"\n<p>En Rosario de la Frontera, la cuenta oficial del intendente respondi\u00f3 a los reclamos de vecinos por el deterioro de las calles, explicando las demoras en las tareas de reparaci\u00f3n.<\/p>\n\n\n\n<p>A trav\u00e9s de un mensaje p\u00fablico, desde la gesti\u00f3n se\u00f1alaron que los trabajos de recomposici\u00f3n vial se ven condicionados por las lluvias intensas y persistentes que afectan a la ciudad. Seg\u00fan indicaron, los equipos est\u00e1n preparados para retomar las tareas cada vez que el clima lo permite, aunque las condiciones actuales dificultan el avance.<\/p>\n\n\n\n<p>\u201cCada vez que la lluvia se detiene estamos listos para continuar con la reparaci\u00f3n de calles, pero las intensas y repetidas lluvias no nos est\u00e1n dando tregua\u201d, expresaron.<\/p>\n\n\n\n<p>Adem\u00e1s, aseguraron que una vez que mejoren las condiciones clim\u00e1ticas, se reanudar\u00e1n los trabajos en los sectores m\u00e1s afectados. El mensaje tambi\u00e9n destac\u00f3 que se trata de una problem\u00e1tica compartida con los vecinos: \u201cEstamos en la misma lucha\u201d.<\/p>\n\n\n\n<p>La respuesta surge en medio de reiterados planteos de la comunidad por el estado de las calles, una situaci\u00f3n que impacta en la circulaci\u00f3n diaria y genera preocupaci\u00f3n en distintos barrios.<\/p>\n","protected":false},"excerpt":{"rendered":"<p>En Rosario de la Frontera, la cuenta oficial del intendente respondi\u00f3 a los reclamos de vecinos por el deterioro de las calles, explicando las demoras en las tareas de reparaci\u00f3n. A trav\u00e9s de un mensaje p\u00fablico, desde la gesti\u00f3n se\u00f1alaron que los trabajos de recomposici\u00f3n vial se ven condicionados por las lluvias intensas y persistentes [&hellip;]<\/p>\n","protected":false},"author":2,"featured_media":69685,"comment_status":"closed","ping_status":"closed","sticky":false,"template":"","format":"standard","meta":{"tdm_status":"","tdm_grid_status":"","_joinchat":[],"footnotes":""},"categories":[73],"tags":[],"class_list":{"0":"post-109513","1":"post","2":"type-post","3":"status-publish","4":"format-standard","5":"has-post-thumbnail","7":"category-noticias-general"},"amp_enabled":true,"_links":{"self":[{"href":"https:\/\/www.todoeldia.com\/index.php\/wp-json\/wp\/v2\/posts\/109513","targetHints":{"allow":["GET"]}}],"collection":[{"href":"https:\/\/www.todoeldia.com\/index.php\/wp-json\/wp\/v2\/posts"}],"about":[{"href":"https:\/\/www.todoeldia.com\/index.php\/wp-json\/wp\/v2\/types\/post"}],"author":[{"embeddable":true,"href":"https:\/\/www.todoeldia.com\/index.php\/wp-json\/wp\/v2\/users\/2"}],"replies":[{"embeddable":true,"href":"https:\/\/www.todoeldia.com\/index.php\/wp-json\/wp\/v2\/comments?post=109513"}],"version-history":[{"count":1,"href":"https:\/\/www.todoeldia.com\/index.php\/wp-json\/wp\/v2\/posts\/109513\/revisions"}],"predecessor-version":[{"id":109514,"href":"https:\/\/www.todoeldia.com\/index.php\/wp-json\/wp\/v2\/posts\/109513\/revisions\/109514"}],"wp:featuredmedia":[{"embeddable":true,"href":"https:\/\/www.todoeldia.com\/index.php\/wp-json\/wp\/v2\/media\/69685"}],"wp:attachment":[{"href":"https:\/\/www.todoeldia.com\/index.php\/wp-json\/wp\/v2\/media?parent=109513"}],"wp:term":[{"taxonomy":"category","embeddable":true,"href":"https:\/\/www.todoeldia.com\/index.php\/wp-json\/wp\/v2\/categories?post=109513"},{"taxonomy":"post_tag","embeddable":true,"href":"https:\/\/www.todoeldia.com\/index.php\/wp-json\/wp\/v2\/tags?post=109513"}],"curies":[{"name":"wp","href":"https:\/\/api.w.org\/{rel}","templated":true}]}}