{"id":109518,"date":"2026-04-28T10:29:32","date_gmt":"2026-04-28T13:29:32","guid":{"rendered":"https:\/\/www.todoeldia.com\/?p=109518"},"modified":"2026-04-28T10:29:33","modified_gmt":"2026-04-28T13:29:33","slug":"prision-preventiva-para-los-siete-delincuentes-que-robaban-y-faenaban-vacas-en-el-valle-de-lerma","status":"publish","type":"post","link":"https:\/\/www.todoeldia.com\/index.php\/2026\/04\/28\/prision-preventiva-para-los-siete-delincuentes-que-robaban-y-faenaban-vacas-en-el-valle-de-lerma\/","title":{"rendered":"Prisi\u00f3n preventiva para los siete delincuentes que robaban y faenaban vacas en el Valle de Lerma"},"content":{"rendered":"\n<p>La investigaci\u00f3n se inici\u00f3 tras denuncias de productores rurales por reiterados robos de animales en fincas de la zona.<\/p>\n\n\n\n<p>El fiscal penal de Rosario de Lerma, Daniel Escalante, represent\u00f3 al Ministerio P\u00fablico Fiscal en la audiencia flexible y multiprop\u00f3sito fijada para analizar el pedido de prisi\u00f3n preventiva oportunamente solicitado para siete imputados, en el marco de una investigaci\u00f3n que los vincula con la presunta integraci\u00f3n de una organizaci\u00f3n dedicada a la sustracci\u00f3n de ganado y su posterior comercializaci\u00f3n ilegal.<\/p>\n\n\n\n<p>Por su parte, el juez de Garant\u00edas, Diego Rodr\u00edguez Pipino, tras escuchar los fundamentos expuestos por las partes, hizo lugar a la solicitud de la Fiscal\u00eda y dispuso la prisi\u00f3n preventiva de los acusados. Para resolver en ese sentido, valor\u00f3 la existencia de riesgos procesales de fuga y de entorpecimiento de la investigaci\u00f3n, la gravedad de los hechos investigados y la necesidad de producir medidas probatorias a\u00fan pendientes.<\/p>\n\n\n\n<p>La investigaci\u00f3n se inici\u00f3 a partir de denuncias radicadas por productores rurales del Valle de Lerma, quienes advirtieron reiterados hechos de robo de animales en distintas fincas de la zona. A partir de tareas de an\u00e1lisis criminal, seguimiento de patrones delictivos y diversas medidas investigativas, se logr\u00f3 establecer la presunta existencia de una estructura organizada, con funcionamiento sostenido en el tiempo y divisi\u00f3n de roles.<\/p>\n\n\n\n<p>Seg\u00fan lo reunido en la causa, los involucrados habr\u00edan ingresado a establecimientos rurales en horarios de baja circulaci\u00f3n, sustra\u00eddo bovinos y procedido a su faena clandestina en sectores alejados de los centros urbanos. Posteriormente, la carne era trasladada en veh\u00edculos utilizados por la organizaci\u00f3n e incorporada al circuito de comercializaci\u00f3n informal.<\/p>\n\n\n\n<p>En el marco de los procedimientos realizados, se concretaron allanamientos simult\u00e1neos con resultado positivo, logr\u00e1ndose el secuestro de tel\u00e9fonos celulares, dinero en efectivo, elementos utilizados para la faena y transporte, y carne de origen no acreditado. Asimismo, se dispuso la intervenci\u00f3n de locales comerciales donde se habr\u00eda comercializado la mercader\u00eda, constat\u00e1ndose la presencia de productos sin documentaci\u00f3n sanitaria ni trazabilidad.<\/p>\n\n\n\n<p>Los imputados fueron acusados provisoriamente como presuntos coautores de los delitos de asociaci\u00f3n il\u00edcita, en concurso real con abigeato doblemente agravado \u2014por haberse cometido en despoblado y en banda\u2014, adem\u00e1s de infracci\u00f3n a las normas sanitarias y de seguridad alimentaria, en relaci\u00f3n con la faena clandestina y la comercializaci\u00f3n de carne sin control ni trazabilidad.<\/p>\n\n\n\n<p>La investigaci\u00f3n contin\u00faa en curso y no se descartan nuevas medidas procesales ni la ampliaci\u00f3n de imputaciones a otros posibles integrantes de la organizaci\u00f3n.<\/p>\n","protected":false},"excerpt":{"rendered":"<p>La investigaci\u00f3n se inici\u00f3 tras denuncias de productores rurales por reiterados robos de animales en fincas de la zona. El fiscal penal de Rosario de Lerma, Daniel Escalante, represent\u00f3 al Ministerio P\u00fablico Fiscal en la audiencia flexible y multiprop\u00f3sito fijada para analizar el pedido de prisi\u00f3n preventiva oportunamente solicitado para siete imputados, en el marco [&hellip;]<\/p>\n","protected":false},"author":2,"featured_media":109519,"comment_status":"closed","ping_status":"closed","sticky":false,"template":"","format":"standard","meta":{"tdm_status":"","tdm_grid_status":"","_joinchat":[],"footnotes":""},"categories":[73],"tags":[],"class_list":{"0":"post-109518","1":"post","2":"type-post","3":"status-publish","4":"format-standard","5":"has-post-thumbnail","7":"category-noticias-general"},"amp_enabled":true,"_links":{"self":[{"href":"https:\/\/www.todoeldia.com\/index.php\/wp-json\/wp\/v2\/posts\/109518","targetHints":{"allow":["GET"]}}],"collection":[{"href":"https:\/\/www.todoeldia.com\/index.php\/wp-json\/wp\/v2\/posts"}],"about":[{"href":"https:\/\/www.todoeldia.com\/index.php\/wp-json\/wp\/v2\/types\/post"}],"author":[{"embeddable":true,"href":"https:\/\/www.todoeldia.com\/index.php\/wp-json\/wp\/v2\/users\/2"}],"replies":[{"embeddable":true,"href":"https:\/\/www.todoeldia.com\/index.php\/wp-json\/wp\/v2\/comments?post=109518"}],"version-history":[{"count":1,"href":"https:\/\/www.todoeldia.com\/index.php\/wp-json\/wp\/v2\/posts\/109518\/revisions"}],"predecessor-version":[{"id":109520,"href":"https:\/\/www.todoeldia.com\/index.php\/wp-json\/wp\/v2\/posts\/109518\/revisions\/109520"}],"wp:featuredmedia":[{"embeddable":true,"href":"https:\/\/www.todoeldia.com\/index.php\/wp-json\/wp\/v2\/media\/109519"}],"wp:attachment":[{"href":"https:\/\/www.todoeldia.com\/index.php\/wp-json\/wp\/v2\/media?parent=109518"}],"wp:term":[{"taxonomy":"category","embeddable":true,"href":"https:\/\/www.todoeldia.com\/index.php\/wp-json\/wp\/v2\/categories?post=109518"},{"taxonomy":"post_tag","embeddable":true,"href":"https:\/\/www.todoeldia.com\/index.php\/wp-json\/wp\/v2\/tags?post=109518"}],"curies":[{"name":"wp","href":"https:\/\/api.w.org\/{rel}","templated":true}]}}