{"id":109521,"date":"2026-04-28T11:01:55","date_gmt":"2026-04-28T14:01:55","guid":{"rendered":"https:\/\/www.todoeldia.com\/?p=109521"},"modified":"2026-04-28T11:01:57","modified_gmt":"2026-04-28T14:01:57","slug":"incendio-y-muerte-en-un-inquilinato-del-bajo","status":"publish","type":"post","link":"https:\/\/www.todoeldia.com\/index.php\/2026\/04\/28\/incendio-y-muerte-en-un-inquilinato-del-bajo\/","title":{"rendered":"Incendio y muerte en un inquilinato del \u201cBajo\u201d"},"content":{"rendered":"\n<p>Un incendio en un inquilinato de El Bajo termin\u00f3 con la muerte de un hombre durante la madrugada de este martes en la ciudad de Salta. El foco \u00edgneo fue reportado al Sistema de Emergencias 911 cerca de las 2:43 en una vivienda ubicada en la esquina de Ituzaing\u00f3 y Costanera.<\/p>\n\n\n\n<p>A partir del aviso, se desplazaron bomberos, efectivos policiales, personal especializado, una unidad sanitaria y el Cuerpo de Investigaciones Fiscales. En los primeros minutos del operativo, la principal preocupaci\u00f3n era la posible presencia de una persona dentro del inmueble mientras avanzaban las llamas.<\/p>\n\n\n\n<p>Seg\u00fan se inform\u00f3, vecinos del sector advirtieron la situaci\u00f3n al escuchar gritos que sal\u00edan desde la casa afectada. Algunos intentaron colaborar arrojando baldes de agua, aunque el fuego ya se hab\u00eda extendido cuando llegaron los equipos de emergencia.<\/p>\n\n\n\n<p>Despu\u00e9s de controlar el incendio, el personal interviniente encontr\u00f3 sin vida a un hombre en el interior de la vivienda. De manera extraoficial, trascendi\u00f3 que ser\u00eda el propietario del inmueble y que tendr\u00eda m\u00e1s de 70 a\u00f1os, aunque ese dato no fue confirmado oficialmente.<\/p>\n\n\n\n<p>Hasta ahora no fueron establecidas las causas del incendio ni las circunstancias exactas en que se produjo la muerte. Esa tarea qued\u00f3 a cargo del CIF, que realizar\u00e1 las pericias para determinar c\u00f3mo se origin\u00f3 el foco y si hubo otros factores involucrados en el hecho.<\/p>\n","protected":false},"excerpt":{"rendered":"<p>Un incendio en un inquilinato de El Bajo termin\u00f3 con la muerte de un hombre durante la madrugada de este martes en la ciudad de Salta. El foco \u00edgneo fue reportado al Sistema de Emergencias 911 cerca de las 2:43 en una vivienda ubicada en la esquina de Ituzaing\u00f3 y Costanera. A partir del aviso, [&hellip;]<\/p>\n","protected":false},"author":2,"featured_media":109522,"comment_status":"closed","ping_status":"closed","sticky":false,"template":"","format":"standard","meta":{"tdm_status":"","tdm_grid_status":"","_joinchat":[],"footnotes":""},"categories":[73],"tags":[],"class_list":{"0":"post-109521","1":"post","2":"type-post","3":"status-publish","4":"format-standard","5":"has-post-thumbnail","7":"category-noticias-general"},"amp_enabled":true,"_links":{"self":[{"href":"https:\/\/www.todoeldia.com\/index.php\/wp-json\/wp\/v2\/posts\/109521","targetHints":{"allow":["GET"]}}],"collection":[{"href":"https:\/\/www.todoeldia.com\/index.php\/wp-json\/wp\/v2\/posts"}],"about":[{"href":"https:\/\/www.todoeldia.com\/index.php\/wp-json\/wp\/v2\/types\/post"}],"author":[{"embeddable":true,"href":"https:\/\/www.todoeldia.com\/index.php\/wp-json\/wp\/v2\/users\/2"}],"replies":[{"embeddable":true,"href":"https:\/\/www.todoeldia.com\/index.php\/wp-json\/wp\/v2\/comments?post=109521"}],"version-history":[{"count":1,"href":"https:\/\/www.todoeldia.com\/index.php\/wp-json\/wp\/v2\/posts\/109521\/revisions"}],"predecessor-version":[{"id":109523,"href":"https:\/\/www.todoeldia.com\/index.php\/wp-json\/wp\/v2\/posts\/109521\/revisions\/109523"}],"wp:featuredmedia":[{"embeddable":true,"href":"https:\/\/www.todoeldia.com\/index.php\/wp-json\/wp\/v2\/media\/109522"}],"wp:attachment":[{"href":"https:\/\/www.todoeldia.com\/index.php\/wp-json\/wp\/v2\/media?parent=109521"}],"wp:term":[{"taxonomy":"category","embeddable":true,"href":"https:\/\/www.todoeldia.com\/index.php\/wp-json\/wp\/v2\/categories?post=109521"},{"taxonomy":"post_tag","embeddable":true,"href":"https:\/\/www.todoeldia.com\/index.php\/wp-json\/wp\/v2\/tags?post=109521"}],"curies":[{"name":"wp","href":"https:\/\/api.w.org\/{rel}","templated":true}]}}