{"id":109524,"date":"2026-04-28T12:20:33","date_gmt":"2026-04-28T15:20:33","guid":{"rendered":"https:\/\/www.todoeldia.com\/?p=109524"},"modified":"2026-04-28T12:22:19","modified_gmt":"2026-04-28T15:22:19","slug":"piqueteros-cortan-la-ruta-34-a-la-altura-de-general-mosconi","status":"publish","type":"post","link":"https:\/\/www.todoeldia.com\/index.php\/2026\/04\/28\/piqueteros-cortan-la-ruta-34-a-la-altura-de-general-mosconi\/","title":{"rendered":"Piqueteros cortan la ruta 34 a la altura de General Mosconi"},"content":{"rendered":"\n<p>La medida es llevada adelante por referentes de la Agrupaci\u00f3n 25 de Mayo, que reclaman al Gobierno de la provincia el pago de obras realizadas, y por Comunidades Originarias de Coronel Cornejo que piden trabajar en peque\u00f1as obras de contenci\u00f3n como tareas de desmalezado.<\/p>\n\n\n\n<figure class=\"wp-block-image size-large\"><img loading=\"lazy\" decoding=\"async\" width=\"1024\" height=\"576\" src=\"https:\/\/www.todoeldia.com\/wp-content\/uploads\/2026\/04\/image-95-1024x576.png\" alt=\"\" class=\"wp-image-109526\" srcset=\"https:\/\/www.todoeldia.com\/wp-content\/uploads\/2026\/04\/image-95-1024x576.png 1024w, https:\/\/www.todoeldia.com\/wp-content\/uploads\/2026\/04\/image-95-300x169.png 300w, https:\/\/www.todoeldia.com\/wp-content\/uploads\/2026\/04\/image-95-768x432.png 768w, https:\/\/www.todoeldia.com\/wp-content\/uploads\/2026\/04\/image-95-1536x864.png 1536w, https:\/\/www.todoeldia.com\/wp-content\/uploads\/2026\/04\/image-95-747x420.png 747w, https:\/\/www.todoeldia.com\/wp-content\/uploads\/2026\/04\/image-95-696x391.png 696w, https:\/\/www.todoeldia.com\/wp-content\/uploads\/2026\/04\/image-95-1068x600.png 1068w, https:\/\/www.todoeldia.com\/wp-content\/uploads\/2026\/04\/image-95.png 1599w\" sizes=\"auto, (max-width: 1024px) 100vw, 1024px\" \/><\/figure>\n\n\n\n<p>Jos\u00e9 Sebasti\u00e1n, referente de las Comunidades Originarias, afirm\u00f3 que el pedido de trabajo fue aprobado y esperan que la cooperativa los convoque para iniciar las tareas.<\/p>\n\n\n\n<figure class=\"wp-block-image size-full is-resized\"><img loading=\"lazy\" decoding=\"async\" width=\"472\" height=\"590\" src=\"https:\/\/www.todoeldia.com\/wp-content\/uploads\/2026\/04\/image-96.png\" alt=\"\" class=\"wp-image-109528\" style=\"width:908px;height:auto\" srcset=\"https:\/\/www.todoeldia.com\/wp-content\/uploads\/2026\/04\/image-96.png 472w, https:\/\/www.todoeldia.com\/wp-content\/uploads\/2026\/04\/image-96-240x300.png 240w, https:\/\/www.todoeldia.com\/wp-content\/uploads\/2026\/04\/image-96-336x420.png 336w, https:\/\/www.todoeldia.com\/wp-content\/uploads\/2026\/04\/image-96-300x375.png 300w\" sizes=\"auto, (max-width: 472px) 100vw, 472px\" \/><\/figure>\n\n\n\n<p>El tr\u00e1nsito permanece interrumpido en ambos sentidos. Se recomienda circular con precauci\u00f3n y buscar v\u00edas alternativas. Personal de seguridad vial trabaja en la zona.<\/p>\n","protected":false},"excerpt":{"rendered":"<p>La medida es llevada adelante por referentes de la Agrupaci\u00f3n 25 de Mayo, que reclaman al Gobierno de la provincia el pago de obras realizadas, y por Comunidades Originarias de Coronel Cornejo que piden trabajar en peque\u00f1as obras de contenci\u00f3n como tareas de desmalezado. Jos\u00e9 Sebasti\u00e1n, referente de las Comunidades Originarias, afirm\u00f3 que el pedido [&hellip;]<\/p>\n","protected":false},"author":2,"featured_media":109525,"comment_status":"closed","ping_status":"closed","sticky":false,"template":"","format":"standard","meta":{"tdm_status":"","tdm_grid_status":"","_joinchat":[],"footnotes":""},"categories":[73],"tags":[],"class_list":{"0":"post-109524","1":"post","2":"type-post","3":"status-publish","4":"format-standard","5":"has-post-thumbnail","7":"category-noticias-general"},"amp_enabled":true,"_links":{"self":[{"href":"https:\/\/www.todoeldia.com\/index.php\/wp-json\/wp\/v2\/posts\/109524","targetHints":{"allow":["GET"]}}],"collection":[{"href":"https:\/\/www.todoeldia.com\/index.php\/wp-json\/wp\/v2\/posts"}],"about":[{"href":"https:\/\/www.todoeldia.com\/index.php\/wp-json\/wp\/v2\/types\/post"}],"author":[{"embeddable":true,"href":"https:\/\/www.todoeldia.com\/index.php\/wp-json\/wp\/v2\/users\/2"}],"replies":[{"embeddable":true,"href":"https:\/\/www.todoeldia.com\/index.php\/wp-json\/wp\/v2\/comments?post=109524"}],"version-history":[{"count":2,"href":"https:\/\/www.todoeldia.com\/index.php\/wp-json\/wp\/v2\/posts\/109524\/revisions"}],"predecessor-version":[{"id":109529,"href":"https:\/\/www.todoeldia.com\/index.php\/wp-json\/wp\/v2\/posts\/109524\/revisions\/109529"}],"wp:featuredmedia":[{"embeddable":true,"href":"https:\/\/www.todoeldia.com\/index.php\/wp-json\/wp\/v2\/media\/109525"}],"wp:attachment":[{"href":"https:\/\/www.todoeldia.com\/index.php\/wp-json\/wp\/v2\/media?parent=109524"}],"wp:term":[{"taxonomy":"category","embeddable":true,"href":"https:\/\/www.todoeldia.com\/index.php\/wp-json\/wp\/v2\/categories?post=109524"},{"taxonomy":"post_tag","embeddable":true,"href":"https:\/\/www.todoeldia.com\/index.php\/wp-json\/wp\/v2\/tags?post=109524"}],"curies":[{"name":"wp","href":"https:\/\/api.w.org\/{rel}","templated":true}]}}