{"id":109539,"date":"2026-04-28T12:49:45","date_gmt":"2026-04-28T15:49:45","guid":{"rendered":"https:\/\/www.todoeldia.com\/?p=109539"},"modified":"2026-04-28T12:49:46","modified_gmt":"2026-04-28T15:49:46","slug":"el-hospital-de-oran-se-esta-quedando-sin-medicos","status":"publish","type":"post","link":"https:\/\/www.todoeldia.com\/index.php\/2026\/04\/28\/el-hospital-de-oran-se-esta-quedando-sin-medicos\/","title":{"rendered":"El hospital de Or\u00e1n se est\u00e1 quedando sin m\u00e9dicos"},"content":{"rendered":"\n<p>La situaci\u00f3n del hospital San Vicente de Paul, en la ciudad de Or\u00e1n, vuelve a generar inquietud tras la denuncia de la Asociaci\u00f3n Trabajadores del Estado (ATE), que alert\u00f3 sobre la salida reciente de m\u00e9dicos especialistas y su impacto en el sistema de salud local.<\/p>\n\n\n\n<p>De acuerdo con lo se\u00f1alado por la seccional del gremio, en las \u00faltimas semanas al menos cinco profesionales dejaron sus cargos, lo que repercute directamente en la capacidad de respuesta del principal centro sanitario del norte salte\u00f1o, una regi\u00f3n caracterizada por su alta demanda de atenci\u00f3n.<\/p>\n\n\n\n<p>El planteo sindical no es nuevo. Desde ATE sostienen que este escenario se suma a problemas estructurales que ya ven\u00edan siendo advertidos, como la falta de personal administrativo y de enfermer\u00eda, lo que profundiza las dificultades en el funcionamiento diario del hospital.<\/p>\n\n\n\n<p>En ese contexto, tambi\u00e9n remarcaron la desigual distribuci\u00f3n de m\u00e9dicos en la provincia. Mientras los est\u00e1ndares internacionales sugieren una proporci\u00f3n de tres profesionales cada mil habitantes, en Salta el promedio es inferior y la situaci\u00f3n se agrava en el interior, donde la disponibilidad es considerablemente m\u00e1s baja.<\/p>\n\n\n\n<p>Seg\u00fan el gremio, detr\u00e1s de la salida de los m\u00e9dicos existen factores vinculados a las condiciones laborales, como la necesidad de sostener m\u00faltiples empleos, la sobrecarga de tareas, la inestabilidad y conflictos en el \u00e1mbito de trabajo. A esto se suma, aseguran, un escenario de recursos limitados en el sistema p\u00fablico de salud.<\/p>\n\n\n\n<p>Finalmente, desde ATE Or\u00e1n advirtieron que la continuidad de esta tendencia podr\u00eda tener consecuencias a largo plazo, no solo en el funcionamiento de los hospitales, sino tambi\u00e9n en la calidad de atenci\u00f3n que recibe la poblaci\u00f3n, en una regi\u00f3n donde el acceso a la salud ya presenta m\u00faltiples desaf\u00edos.<\/p>\n","protected":false},"excerpt":{"rendered":"<p>La situaci\u00f3n del hospital San Vicente de Paul, en la ciudad de Or\u00e1n, vuelve a generar inquietud tras la denuncia de la Asociaci\u00f3n Trabajadores del Estado (ATE), que alert\u00f3 sobre la salida reciente de m\u00e9dicos especialistas y su impacto en el sistema de salud local. De acuerdo con lo se\u00f1alado por la seccional del gremio, [&hellip;]<\/p>\n","protected":false},"author":2,"featured_media":32484,"comment_status":"closed","ping_status":"closed","sticky":false,"template":"","format":"standard","meta":{"tdm_status":"","tdm_grid_status":"","_joinchat":[],"footnotes":""},"categories":[73],"tags":[],"class_list":{"0":"post-109539","1":"post","2":"type-post","3":"status-publish","4":"format-standard","5":"has-post-thumbnail","7":"category-noticias-general"},"amp_enabled":true,"_links":{"self":[{"href":"https:\/\/www.todoeldia.com\/index.php\/wp-json\/wp\/v2\/posts\/109539","targetHints":{"allow":["GET"]}}],"collection":[{"href":"https:\/\/www.todoeldia.com\/index.php\/wp-json\/wp\/v2\/posts"}],"about":[{"href":"https:\/\/www.todoeldia.com\/index.php\/wp-json\/wp\/v2\/types\/post"}],"author":[{"embeddable":true,"href":"https:\/\/www.todoeldia.com\/index.php\/wp-json\/wp\/v2\/users\/2"}],"replies":[{"embeddable":true,"href":"https:\/\/www.todoeldia.com\/index.php\/wp-json\/wp\/v2\/comments?post=109539"}],"version-history":[{"count":1,"href":"https:\/\/www.todoeldia.com\/index.php\/wp-json\/wp\/v2\/posts\/109539\/revisions"}],"predecessor-version":[{"id":109540,"href":"https:\/\/www.todoeldia.com\/index.php\/wp-json\/wp\/v2\/posts\/109539\/revisions\/109540"}],"wp:featuredmedia":[{"embeddable":true,"href":"https:\/\/www.todoeldia.com\/index.php\/wp-json\/wp\/v2\/media\/32484"}],"wp:attachment":[{"href":"https:\/\/www.todoeldia.com\/index.php\/wp-json\/wp\/v2\/media?parent=109539"}],"wp:term":[{"taxonomy":"category","embeddable":true,"href":"https:\/\/www.todoeldia.com\/index.php\/wp-json\/wp\/v2\/categories?post=109539"},{"taxonomy":"post_tag","embeddable":true,"href":"https:\/\/www.todoeldia.com\/index.php\/wp-json\/wp\/v2\/tags?post=109539"}],"curies":[{"name":"wp","href":"https:\/\/api.w.org\/{rel}","templated":true}]}}