{"id":109544,"date":"2026-04-28T13:12:00","date_gmt":"2026-04-28T16:12:00","guid":{"rendered":"https:\/\/www.todoeldia.com\/?p=109544"},"modified":"2026-04-28T13:52:33","modified_gmt":"2026-04-28T16:52:33","slug":"situacion-preocupante-en-mosconi-habrian-faenado-un-caballo-y-bromatologia-inspecciona-carnicerias","status":"publish","type":"post","link":"https:\/\/www.todoeldia.com\/index.php\/2026\/04\/28\/situacion-preocupante-en-mosconi-habrian-faenado-un-caballo-y-bromatologia-inspecciona-carnicerias\/","title":{"rendered":"Situaci\u00f3n preocupante en Mosconi: habr\u00edan faenado un caballo y bromatolog\u00eda inspecciona carnicer\u00edas"},"content":{"rendered":"\n<p>Vecinos de General Mosconi alertaron sobre el hallazgo de los restos de un equino en las inmediaciones de finca Los Micros. El animal presentaba evidentes se\u00f1ales de haber sido faenado y, seg\u00fan manifestaron los testigos, parte de su carne habr\u00eda sido retirada para consumo.<\/p>\n\n\n\n<p>El hecho gener\u00f3 preocupaci\u00f3n en la zona rural, donde los pobladores advierten que no es la primera vez que ocurre una situaci\u00f3n similar.<\/p>\n\n\n\n<p>Desde el \u00e1rea de Bromatolog\u00eda del municipio confirmaron que ya est\u00e1n al tanto de la situaci\u00f3n. Como medida preventiva, mandaron a inspeccionar carnicer\u00edas de la localidad, aunque hasta el momento no cuentan con informaci\u00f3n contundente sobre el lugar exacto donde se habr\u00eda realizado la faena ni sobre el destino de la carne.<\/p>\n\n\n\n<p>Un dato que llama la atenci\u00f3n es que, pese a la gravedad del caso y el riesgo sanitario que implica el consumo de carne sin control bromatol\u00f3gico, hasta el momento no se report\u00f3 ning\u00fan tipo de denuncia formal ante la Polic\u00eda.<\/p>\n\n\n\n<p>Vecinos piden mayor presencia y controles en la zona para evitar el abigeato y la faena ilegal de animales. Se espera que las autoridades avancen con la investigaci\u00f3n para determinar el origen del animal y si existi\u00f3 delito.<\/p>\n\n\n\n<p>El hecho vuelve a poner en agenda la problem\u00e1tica del robo de ganado y la faena clandestina en el departamento San Mart\u00edn.<\/p>\n","protected":false},"excerpt":{"rendered":"<p>Vecinos de General Mosconi alertaron sobre el hallazgo de los restos de un equino en las inmediaciones de finca Los Micros. El animal presentaba evidentes se\u00f1ales de haber sido faenado y, seg\u00fan manifestaron los testigos, parte de su carne habr\u00eda sido retirada para consumo. El hecho gener\u00f3 preocupaci\u00f3n en la zona rural, donde los pobladores [&hellip;]<\/p>\n","protected":false},"author":2,"featured_media":109547,"comment_status":"closed","ping_status":"closed","sticky":false,"template":"","format":"standard","meta":{"tdm_status":"","tdm_grid_status":"","_joinchat":[],"footnotes":""},"categories":[73],"tags":[],"class_list":{"0":"post-109544","1":"post","2":"type-post","3":"status-publish","4":"format-standard","5":"has-post-thumbnail","7":"category-noticias-general"},"amp_enabled":true,"_links":{"self":[{"href":"https:\/\/www.todoeldia.com\/index.php\/wp-json\/wp\/v2\/posts\/109544","targetHints":{"allow":["GET"]}}],"collection":[{"href":"https:\/\/www.todoeldia.com\/index.php\/wp-json\/wp\/v2\/posts"}],"about":[{"href":"https:\/\/www.todoeldia.com\/index.php\/wp-json\/wp\/v2\/types\/post"}],"author":[{"embeddable":true,"href":"https:\/\/www.todoeldia.com\/index.php\/wp-json\/wp\/v2\/users\/2"}],"replies":[{"embeddable":true,"href":"https:\/\/www.todoeldia.com\/index.php\/wp-json\/wp\/v2\/comments?post=109544"}],"version-history":[{"count":1,"href":"https:\/\/www.todoeldia.com\/index.php\/wp-json\/wp\/v2\/posts\/109544\/revisions"}],"predecessor-version":[{"id":109546,"href":"https:\/\/www.todoeldia.com\/index.php\/wp-json\/wp\/v2\/posts\/109544\/revisions\/109546"}],"wp:featuredmedia":[{"embeddable":true,"href":"https:\/\/www.todoeldia.com\/index.php\/wp-json\/wp\/v2\/media\/109547"}],"wp:attachment":[{"href":"https:\/\/www.todoeldia.com\/index.php\/wp-json\/wp\/v2\/media?parent=109544"}],"wp:term":[{"taxonomy":"category","embeddable":true,"href":"https:\/\/www.todoeldia.com\/index.php\/wp-json\/wp\/v2\/categories?post=109544"},{"taxonomy":"post_tag","embeddable":true,"href":"https:\/\/www.todoeldia.com\/index.php\/wp-json\/wp\/v2\/tags?post=109544"}],"curies":[{"name":"wp","href":"https:\/\/api.w.org\/{rel}","templated":true}]}}