{"id":109550,"date":"2026-04-28T14:08:50","date_gmt":"2026-04-28T17:08:50","guid":{"rendered":"https:\/\/www.todoeldia.com\/?p=109550"},"modified":"2026-04-28T14:08:51","modified_gmt":"2026-04-28T17:08:51","slug":"el-materno-infantil-a-punto-de-colapsar-la-ocupacion-de-camas-supera-el-90","status":"publish","type":"post","link":"https:\/\/www.todoeldia.com\/index.php\/2026\/04\/28\/el-materno-infantil-a-punto-de-colapsar-la-ocupacion-de-camas-supera-el-90\/","title":{"rendered":"El Materno Infantil a punto de colapsar: la ocupaci\u00f3n de camas supera el 90%"},"content":{"rendered":"\n<p>La guardia pedi\u00e1trica registra una fuerte saturaci\u00f3n con mayor\u00eda de casos respiratorios. La ocupaci\u00f3n de camas supera el 90%.<\/p>\n\n\n\n<p>El Hospital P\u00fablico Materno Infantil de Salta atraviesa un escenario de alta demanda, con una guardia pedi\u00e1trica que llega a atender entre 300 y 350 pacientes por d\u00eda, seg\u00fan inform\u00f3 la directora de Gesti\u00f3n Pedi\u00e1trica, Andrea \u00c1vila.<\/p>\n\n\n\n<p>En di\u00e1logo con FM Aries, la profesional detall\u00f3 que el sistema presenta una ocupaci\u00f3n de entre el 90% y el 92% en salas de internaci\u00f3n, lo que refleja la presi\u00f3n sobre el servicio.<\/p>\n\n\n\n<p>\u201cAntes manej\u00e1bamos entre 200 y 250 consultas, hoy estamos en 300 a 350\u201d, explic\u00f3, al tiempo que remarc\u00f3 que m\u00e1s del 80% de los casos corresponden a cuadros respiratorios.<\/p>\n\n\n\n<p>Desde el hospital se\u00f1alaron que la situaci\u00f3n se agrava porque muchos pacientes acuden directamente a la guardia por casos leves, lo que genera demoras de hasta 6 horas en la atenci\u00f3n de cuadros no urgentes.<\/p>\n\n\n\n<p>En ese sentido, recordaron que el hospital es un centro de referencia provincial, por lo que prioriza la atenci\u00f3n de pacientes graves derivados desde distintos puntos de Salta.<\/p>\n","protected":false},"excerpt":{"rendered":"<p>La guardia pedi\u00e1trica registra una fuerte saturaci\u00f3n con mayor\u00eda de casos respiratorios. La ocupaci\u00f3n de camas supera el 90%. El Hospital P\u00fablico Materno Infantil de Salta atraviesa un escenario de alta demanda, con una guardia pedi\u00e1trica que llega a atender entre 300 y 350 pacientes por d\u00eda, seg\u00fan inform\u00f3 la directora de Gesti\u00f3n Pedi\u00e1trica, Andrea [&hellip;]<\/p>\n","protected":false},"author":2,"featured_media":38656,"comment_status":"closed","ping_status":"closed","sticky":false,"template":"","format":"standard","meta":{"tdm_status":"","tdm_grid_status":"","_joinchat":[],"footnotes":""},"categories":[73],"tags":[],"class_list":{"0":"post-109550","1":"post","2":"type-post","3":"status-publish","4":"format-standard","5":"has-post-thumbnail","7":"category-noticias-general"},"amp_enabled":true,"_links":{"self":[{"href":"https:\/\/www.todoeldia.com\/index.php\/wp-json\/wp\/v2\/posts\/109550","targetHints":{"allow":["GET"]}}],"collection":[{"href":"https:\/\/www.todoeldia.com\/index.php\/wp-json\/wp\/v2\/posts"}],"about":[{"href":"https:\/\/www.todoeldia.com\/index.php\/wp-json\/wp\/v2\/types\/post"}],"author":[{"embeddable":true,"href":"https:\/\/www.todoeldia.com\/index.php\/wp-json\/wp\/v2\/users\/2"}],"replies":[{"embeddable":true,"href":"https:\/\/www.todoeldia.com\/index.php\/wp-json\/wp\/v2\/comments?post=109550"}],"version-history":[{"count":1,"href":"https:\/\/www.todoeldia.com\/index.php\/wp-json\/wp\/v2\/posts\/109550\/revisions"}],"predecessor-version":[{"id":109551,"href":"https:\/\/www.todoeldia.com\/index.php\/wp-json\/wp\/v2\/posts\/109550\/revisions\/109551"}],"wp:featuredmedia":[{"embeddable":true,"href":"https:\/\/www.todoeldia.com\/index.php\/wp-json\/wp\/v2\/media\/38656"}],"wp:attachment":[{"href":"https:\/\/www.todoeldia.com\/index.php\/wp-json\/wp\/v2\/media?parent=109550"}],"wp:term":[{"taxonomy":"category","embeddable":true,"href":"https:\/\/www.todoeldia.com\/index.php\/wp-json\/wp\/v2\/categories?post=109550"},{"taxonomy":"post_tag","embeddable":true,"href":"https:\/\/www.todoeldia.com\/index.php\/wp-json\/wp\/v2\/tags?post=109550"}],"curies":[{"name":"wp","href":"https:\/\/api.w.org\/{rel}","templated":true}]}}