{"id":109552,"date":"2026-04-28T14:33:35","date_gmt":"2026-04-28T17:33:35","guid":{"rendered":"https:\/\/www.todoeldia.com\/?p=109552"},"modified":"2026-04-28T14:33:36","modified_gmt":"2026-04-28T17:33:36","slug":"rosario-de-la-frontera-celebro-los-169-anos-con-un-llamado-a-la-unidad-y-la-memoria","status":"publish","type":"post","link":"https:\/\/www.todoeldia.com\/index.php\/2026\/04\/28\/rosario-de-la-frontera-celebro-los-169-anos-con-un-llamado-a-la-unidad-y-la-memoria\/","title":{"rendered":"Rosario de la Frontera celebr\u00f3 los 169 a\u00f1os con un llamado a la unidad y la memoria"},"content":{"rendered":"\n<p>En el marco del aniversario institucional, el intendente Kuldeep Singh encabez\u00f3 el acto y destac\u00f3 el rol de los vecinos en la construcci\u00f3n hist\u00f3rica y el presente de la ciudad.<\/p>\n\n\n\n<p>La municipalidad de Rosario de la Frontera celebr\u00f3 sus 169 a\u00f1os de vida institucional en una jornada cargada de emotividad y reconocimiento a la historia local, con un acto encabezado por el intendente Kuldeep Singh y la participaci\u00f3n de autoridades, ex funcionarios y vecinos.<\/p>\n\n\n\n<figure class=\"wp-block-image size-large\"><img loading=\"lazy\" decoding=\"async\" width=\"1024\" height=\"819\" src=\"https:\/\/www.todoeldia.com\/wp-content\/uploads\/2026\/04\/image-100-1024x819.png\" alt=\"\" class=\"wp-image-109554\" srcset=\"https:\/\/www.todoeldia.com\/wp-content\/uploads\/2026\/04\/image-100-1024x819.png 1024w, https:\/\/www.todoeldia.com\/wp-content\/uploads\/2026\/04\/image-100-300x240.png 300w, https:\/\/www.todoeldia.com\/wp-content\/uploads\/2026\/04\/image-100-768x614.png 768w, https:\/\/www.todoeldia.com\/wp-content\/uploads\/2026\/04\/image-100-525x420.png 525w, https:\/\/www.todoeldia.com\/wp-content\/uploads\/2026\/04\/image-100-696x556.png 696w, https:\/\/www.todoeldia.com\/wp-content\/uploads\/2026\/04\/image-100.png 1032w\" sizes=\"auto, (max-width: 1024px) 100vw, 1024px\" \/><\/figure>\n\n\n\n<p><strong>Kuldeep Singh<\/strong><\/p>\n\n\n\n<p>Durante su discurso, el jefe comunal dej\u00f3 un mensaje que sintetiz\u00f3 el esp\u00edritu de la conmemoraci\u00f3n: \u201cUn pueblo que sabe de d\u00f3nde viene, tiene la certeza de hacia d\u00f3nde va\u201d. En ese marco, puso el foco en el rol de la comunidad como verdadero sost\u00e9n de las instituciones.<\/p>\n\n\n\n<figure class=\"wp-block-image size-large\"><img loading=\"lazy\" decoding=\"async\" width=\"1024\" height=\"693\" src=\"https:\/\/www.todoeldia.com\/wp-content\/uploads\/2026\/04\/image-101-1024x693.png\" alt=\"\" class=\"wp-image-109555\" srcset=\"https:\/\/www.todoeldia.com\/wp-content\/uploads\/2026\/04\/image-101-1024x693.png 1024w, https:\/\/www.todoeldia.com\/wp-content\/uploads\/2026\/04\/image-101-300x203.png 300w, https:\/\/www.todoeldia.com\/wp-content\/uploads\/2026\/04\/image-101-768x520.png 768w, https:\/\/www.todoeldia.com\/wp-content\/uploads\/2026\/04\/image-101-620x420.png 620w, https:\/\/www.todoeldia.com\/wp-content\/uploads\/2026\/04\/image-101-696x471.png 696w, https:\/\/www.todoeldia.com\/wp-content\/uploads\/2026\/04\/image-101-1068x723.png 1068w, https:\/\/www.todoeldia.com\/wp-content\/uploads\/2026\/04\/image-101.png 1139w\" sizes=\"auto, (max-width: 1024px) 100vw, 1024px\" \/><\/figure>\n\n\n\n<p>\u201cM\u00e1s all\u00e1 de las autoridades, este mensaje es para ustedes, el pueblo de Rosario de la Frontera. Ustedes son quienes en realidad forman la Municipalidad, el municipio y nuestras instituciones\u201d, expres\u00f3, resaltando el protagonismo de los ciudadanos en la vida democr\u00e1tica y social de la ciudad.<\/p>\n\n\n\n<p>En su alocuci\u00f3n, Singh tambi\u00e9n dedic\u00f3 palabras de reconocimiento a quienes contribuyeron a forjar la identidad local a lo largo del tiempo. Mencion\u00f3 a ex intendentes presentes en el acto, como Lalo Correa, destacando su compromiso y legado, y record\u00f3 a figuras hist\u00f3ricas como Do\u00f1a R\u00f3mula G\u00f3mez de Montero, a quien defini\u00f3 como un ejemplo de valent\u00eda.<\/p>\n\n\n\n<p>Asimismo, valor\u00f3 el esfuerzo cotidiano de los vecinos, a quienes consider\u00f3 el motor que impulsa el crecimiento de Rosario de la Frontera, en un contexto que demanda responsabilidad y compromiso colectivo.<\/p>\n\n\n\n<p>En el cierre, el intendente remarc\u00f3 los desaf\u00edos actuales y reafirm\u00f3 la voluntad de gesti\u00f3n: \u201cHoy nos toca a nosotros. Con el mismo compromiso, con las cuentas en orden y con la decisi\u00f3n de enfrentar cada dificultad. Sin excusas, seguimos hacia adelante\u201d.<\/p>\n\n\n\n<p>El aniversario no s\u00f3lo funcion\u00f3 como un espacio de celebraci\u00f3n, sino tambi\u00e9n como una oportunidad para reforzar la identidad comunitaria y proyectar el futuro de una ciudad con historia y vocaci\u00f3n de crecimiento.<\/p>\n","protected":false},"excerpt":{"rendered":"<p>En el marco del aniversario institucional, el intendente Kuldeep Singh encabez\u00f3 el acto y destac\u00f3 el rol de los vecinos en la construcci\u00f3n hist\u00f3rica y el presente de la ciudad. La municipalidad de Rosario de la Frontera celebr\u00f3 sus 169 a\u00f1os de vida institucional en una jornada cargada de emotividad y reconocimiento a la historia [&hellip;]<\/p>\n","protected":false},"author":2,"featured_media":109553,"comment_status":"closed","ping_status":"closed","sticky":false,"template":"","format":"standard","meta":{"tdm_status":"","tdm_grid_status":"","_joinchat":[],"footnotes":""},"categories":[73],"tags":[],"class_list":{"0":"post-109552","1":"post","2":"type-post","3":"status-publish","4":"format-standard","5":"has-post-thumbnail","7":"category-noticias-general"},"amp_enabled":true,"_links":{"self":[{"href":"https:\/\/www.todoeldia.com\/index.php\/wp-json\/wp\/v2\/posts\/109552","targetHints":{"allow":["GET"]}}],"collection":[{"href":"https:\/\/www.todoeldia.com\/index.php\/wp-json\/wp\/v2\/posts"}],"about":[{"href":"https:\/\/www.todoeldia.com\/index.php\/wp-json\/wp\/v2\/types\/post"}],"author":[{"embeddable":true,"href":"https:\/\/www.todoeldia.com\/index.php\/wp-json\/wp\/v2\/users\/2"}],"replies":[{"embeddable":true,"href":"https:\/\/www.todoeldia.com\/index.php\/wp-json\/wp\/v2\/comments?post=109552"}],"version-history":[{"count":1,"href":"https:\/\/www.todoeldia.com\/index.php\/wp-json\/wp\/v2\/posts\/109552\/revisions"}],"predecessor-version":[{"id":109556,"href":"https:\/\/www.todoeldia.com\/index.php\/wp-json\/wp\/v2\/posts\/109552\/revisions\/109556"}],"wp:featuredmedia":[{"embeddable":true,"href":"https:\/\/www.todoeldia.com\/index.php\/wp-json\/wp\/v2\/media\/109553"}],"wp:attachment":[{"href":"https:\/\/www.todoeldia.com\/index.php\/wp-json\/wp\/v2\/media?parent=109552"}],"wp:term":[{"taxonomy":"category","embeddable":true,"href":"https:\/\/www.todoeldia.com\/index.php\/wp-json\/wp\/v2\/categories?post=109552"},{"taxonomy":"post_tag","embeddable":true,"href":"https:\/\/www.todoeldia.com\/index.php\/wp-json\/wp\/v2\/tags?post=109552"}],"curies":[{"name":"wp","href":"https:\/\/api.w.org\/{rel}","templated":true}]}}