{"id":109557,"date":"2026-04-28T14:43:00","date_gmt":"2026-04-28T17:43:00","guid":{"rendered":"https:\/\/www.todoeldia.com\/?p=109557"},"modified":"2026-04-28T14:44:53","modified_gmt":"2026-04-28T17:44:53","slug":"en-santa-fe-condenaron-a-2-bolivianos-que-salieron-de-oran-habiendo-ingerido-capsulas-de-cocaina","status":"publish","type":"post","link":"https:\/\/www.todoeldia.com\/index.php\/2026\/04\/28\/en-santa-fe-condenaron-a-2-bolivianos-que-salieron-de-oran-habiendo-ingerido-capsulas-de-cocaina\/","title":{"rendered":"En Santa F\u00e9 condenaron a 2 bolivianos que salieron de Or\u00e1n luego de ingerir capsulas de coca\u00edna"},"content":{"rendered":"\n<p>Los condenados llevaban m\u00e1s de un kilogramo de coca\u00edna cada uno dentro del cuerpo. Viajaban desde Or\u00e1n a CABA, como pasajeros de un micro de larga distancia que fue detenido en la ciudad santafesina de Ceres. Rechazaron la expulsi\u00f3n anticipada a su pa\u00eds y deber\u00e1n cumplir la pena en Argentina.<\/p>\n\n\n\n<p>El Juzgado Federal de Garant\u00edas de Rafaela conden\u00f3 a dos ciudadanos de nacionalidad boliviana a la pena de 4 a\u00f1os de prisi\u00f3n por el transporte de m\u00e1s de un kilo de coca\u00edna cada uno, bajo la modalidad de ingesta de c\u00e1psulas. Los imputados hab\u00edan sido detenidos el 2 de diciembre de 2025, cuando viajaban como pasajeros en un micro de larga distancia procedente del norte del pa\u00eds que fue interceptado por Gendarmer\u00eda Nacional en la ciudad santafesina de Ceres.<\/p>\n\n\n\n<p>El hecho ocurri\u00f3 el 2 de diciembre de 2025, cuando personal de la Secci\u00f3n Seguridad Vial Ceres de Gendarmer\u00eda Nacional intercept\u00f3 un micro de pasajeros a la altura del kil\u00f3metro 387 de la ruta nacional 34, que hab\u00eda partido desde la ciudad de San Ram\u00f3n de la Nueva Or\u00e1n, provincia de Salta, con destino final a un tour de compras en la Ciudad Aut\u00f3noma de Buenos Aires.<\/p>\n\n\n\n<figure class=\"wp-block-image size-full\"><img loading=\"lazy\" decoding=\"async\" width=\"921\" height=\"614\" src=\"https:\/\/www.todoeldia.com\/wp-content\/uploads\/2026\/04\/image-102.png\" alt=\"\" class=\"wp-image-109558\" srcset=\"https:\/\/www.todoeldia.com\/wp-content\/uploads\/2026\/04\/image-102.png 921w, https:\/\/www.todoeldia.com\/wp-content\/uploads\/2026\/04\/image-102-300x200.png 300w, https:\/\/www.todoeldia.com\/wp-content\/uploads\/2026\/04\/image-102-768x512.png 768w, https:\/\/www.todoeldia.com\/wp-content\/uploads\/2026\/04\/image-102-630x420.png 630w, https:\/\/www.todoeldia.com\/wp-content\/uploads\/2026\/04\/image-102-696x464.png 696w\" sizes=\"auto, (max-width: 921px) 100vw, 921px\" \/><\/figure>\n\n\n\n<p><strong>La inspecci\u00f3n del can antinarc\u00f3ticos de Gendarmer\u00eda dio positiva sobre el bolso de uno de los imputados, que luego manifestaron que hab\u00edan ingerido c\u00e1psulas de coca\u00edna.<\/strong><\/p>\n\n\n\n<p>Durante la inspecci\u00f3n exterior de la unidad, no se produjo ninguna alerta, pero cuando el can detector \u201cSasha\u201d subi\u00f3 al micro, se produjo una marcaci\u00f3n positiva, primero del bolso perteneciente al imputado Quispe Carmona, y luego, de una de las manos de Rocha Risco. El procedimiento fue trasladado a la base operativa de la fuerza, donde los pasajeros manifestaron malestar f\u00edsico y admitieron que transportaban estupefacientes mediante la ingesta de c\u00e1psulas.<\/p>\n\n\n\n<p>Durante una audiencia realizada el viernes pasado ante el juez federal de Garant\u00edas Aurelio Cuello Mur\u00faa, fueron condenados Sirilo Quispe Carmona, de 27 a\u00f1os, y Abel Rocha Risco, de 28, como coautores del delito de transporte de estupefacientes, previsto en el art\u00edculo 5\u00b0, inciso c. de la Ley 23.737, de persecuci\u00f3n del narcotr\u00e1fico. Adem\u00e1s de la pena a 4 a\u00f1os de prisi\u00f3n efectiva, se les impuso el pago de una multa y de las costas procesales y se orden\u00f3 la destrucci\u00f3n del material estupefaciente incautado.<\/p>\n\n\n\n<p>Respecto de Rocha Risco, el juez resolvi\u00f3 declararlo reincidente por la existencia de una condena previa dictada en abril de 2025 por la justicia de la Rep\u00fablica Federativa de Brasil, por un hecho id\u00e9ntico en el que ingres\u00f3 droga a ese pa\u00eds mediante una ingesta.<\/p>\n","protected":false},"excerpt":{"rendered":"<p>Los condenados llevaban m\u00e1s de un kilogramo de coca\u00edna cada uno dentro del cuerpo. Viajaban desde Or\u00e1n a CABA, como pasajeros de un micro de larga distancia que fue detenido en la ciudad santafesina de Ceres. Rechazaron la expulsi\u00f3n anticipada a su pa\u00eds y deber\u00e1n cumplir la pena en Argentina. El Juzgado Federal de Garant\u00edas [&hellip;]<\/p>\n","protected":false},"author":2,"featured_media":86950,"comment_status":"closed","ping_status":"closed","sticky":false,"template":"","format":"standard","meta":{"tdm_status":"","tdm_grid_status":"","_joinchat":[],"footnotes":""},"categories":[73],"tags":[],"class_list":{"0":"post-109557","1":"post","2":"type-post","3":"status-publish","4":"format-standard","5":"has-post-thumbnail","7":"category-noticias-general"},"amp_enabled":true,"_links":{"self":[{"href":"https:\/\/www.todoeldia.com\/index.php\/wp-json\/wp\/v2\/posts\/109557","targetHints":{"allow":["GET"]}}],"collection":[{"href":"https:\/\/www.todoeldia.com\/index.php\/wp-json\/wp\/v2\/posts"}],"about":[{"href":"https:\/\/www.todoeldia.com\/index.php\/wp-json\/wp\/v2\/types\/post"}],"author":[{"embeddable":true,"href":"https:\/\/www.todoeldia.com\/index.php\/wp-json\/wp\/v2\/users\/2"}],"replies":[{"embeddable":true,"href":"https:\/\/www.todoeldia.com\/index.php\/wp-json\/wp\/v2\/comments?post=109557"}],"version-history":[{"count":2,"href":"https:\/\/www.todoeldia.com\/index.php\/wp-json\/wp\/v2\/posts\/109557\/revisions"}],"predecessor-version":[{"id":109560,"href":"https:\/\/www.todoeldia.com\/index.php\/wp-json\/wp\/v2\/posts\/109557\/revisions\/109560"}],"wp:featuredmedia":[{"embeddable":true,"href":"https:\/\/www.todoeldia.com\/index.php\/wp-json\/wp\/v2\/media\/86950"}],"wp:attachment":[{"href":"https:\/\/www.todoeldia.com\/index.php\/wp-json\/wp\/v2\/media?parent=109557"}],"wp:term":[{"taxonomy":"category","embeddable":true,"href":"https:\/\/www.todoeldia.com\/index.php\/wp-json\/wp\/v2\/categories?post=109557"},{"taxonomy":"post_tag","embeddable":true,"href":"https:\/\/www.todoeldia.com\/index.php\/wp-json\/wp\/v2\/tags?post=109557"}],"curies":[{"name":"wp","href":"https:\/\/api.w.org\/{rel}","templated":true}]}}