{"id":109568,"date":"2026-04-29T10:55:25","date_gmt":"2026-04-29T13:55:25","guid":{"rendered":"https:\/\/www.todoeldia.com\/?p=109568"},"modified":"2026-04-29T10:55:27","modified_gmt":"2026-04-29T13:55:27","slug":"hoy-con-los-alegatos-continua-el-juicio-por-jurado-en-oran-por-el-brutal-homicidio-de-ricardo-erva","status":"publish","type":"post","link":"https:\/\/www.todoeldia.com\/index.php\/2026\/04\/29\/hoy-con-los-alegatos-continua-el-juicio-por-jurado-en-oran-por-el-brutal-homicidio-de-ricardo-erva\/","title":{"rendered":"Hoy con los alegatos continua el juicio por jurado en Or\u00e1n por el brutal homicidio de Ricardo Erva"},"content":{"rendered":"\n<p>Este martes 28, luego de seleccionar a los 12 miembros del jurado y los 4 suplentes, se dio lugar a los alegatos iniciales de la Fiscal\u00eda y la Defensa. Durante la jornada se recibi\u00f3 la declaraci\u00f3n de 13 testigos citados.&nbsp;<\/p>\n\n\n\n<p>Los&nbsp;fiscales penales Mar\u00eda Soledad Filtrin y Santiago L\u00f3pez Soto,&nbsp;junto al&nbsp;secretario relator de la Procuraci\u00f3n General, Aldo Saravia,&nbsp;en&nbsp;Unidad Fiscal,&nbsp;representan al&nbsp;Ministerio P\u00fablico Fiscal&nbsp;en la audiencia de debate bajo la modalidad de juicio por jurado, contra H\u00e9ctor Ren\u00e9 Aparicio, acusado de homicidio calificado por alevos\u00eda en perjuicio de Ricardo Erva.<\/p>\n\n\n\n<p>El juez t\u00e9cnico Mario Maldonado, luego de brindar las instrucciones iniciales a los miembros del jurado, dio lugar a la fiscal penal Filtr\u00edn Cuezzo para que realice los alegatos iniciales ante el jurado.<\/p>\n\n\n\n<p>En los alegatos iniciales, Filtr\u00edn Cuezzo destac\u00f3 que la v\u00edctima y el acusado se conocieron en un contexto de detenci\u00f3n en la c\u00e1rcel federal de General G\u00fcemes, donde forjaron una relaci\u00f3n de amistad y confianza.<\/p>\n\n\n\n<p>Manten\u00edan contacto por la venta de un veh\u00edculo y los d\u00edas previos al 25 de septiembre de 2024, para lo cual Erva viaj\u00f3 desde Salvador Mazza a Or\u00e1n, se reunieron para intentar vender una camioneta y al no poder hacerlo, la v\u00edctima se decide volver a Salvador Mazza y previamente se dirigi\u00f3 hacia la vivienda de Aparicio.<\/p>\n\n\n\n<p>Ya en el domicilio del acusado, Erva fue atacado por Aparicio con tres golpes con un elemento contundente en la cabeza y un elemento filocortante, con el que le provoc\u00f3 27 pu\u00f1aladas en el cuerpo, dos de ellas letales.<\/p>\n\n\n\n<p>La fiscal sostuvo que el imputado actu\u00f3 sobre seguro, aprovechando una relaci\u00f3n de confianza previa con la v\u00edctima. La agresi\u00f3n se produjo de manera sorpresiva, anulando toda posibilidad de defensa.&nbsp;\u201cObr\u00f3 totalmente a traici\u00f3n porque Erva estaba indefenso\u201d asegur\u00f3.<\/p>\n\n\n\n<p>Destac\u00f3 que, para deshacerse del cuerpo, Aparicio carg\u00f3 a la v\u00edctima en una camioneta sobre un cart\u00f3n que correspond\u00eda a una cocina que hab\u00eda comprado, y lo traslad\u00f3 15 km por la ruta 5, hasta una zona rural, donde lo arrastr\u00f3 hasta una cortina de \u00e1rboles, donde dej\u00f3 abandonado el cuerpo, cubri\u00e9ndolo con troncos y ramas.<\/p>\n\n\n\n<p>El cuerpo fue encontrado el d\u00eda 29 de septiembre, con un detalle considerado fundamental, la caja usada para el traslado, que pertenec\u00eda al imputado.<\/p>\n\n\n\n<p>\u201cEn el camino de la impunidad\u201d, la Fiscal se\u00f1al\u00f3 que Aparicio se traslada a Embarcaci\u00f3n, donde busca a un amigo que le guarda por dos d\u00edas el veh\u00edculo usado para el traslado, y luego lo vende para saldar sus numerosas deudas. Se mudo de domicilio y se deshizo de su l\u00ednea telef\u00f3nica.<\/p>\n\n\n\n<p>Luego fue el turno de la defensa t\u00e9cnica de Aparicio, de hacer sus alegatos iniciales y plantear su teor\u00eda del caso ante el Jurado.<\/p>\n\n\n\n<p>Ya en la etapa de producci\u00f3n de prueba, comenzaron las testimoniales con la declaraci\u00f3n de un Licenciado en Criminal\u00edstica, quien con im\u00e1genes previamente seleccionadas con acuerdo de las partes, explic\u00f3 las circunstancias en que fue encontrado el cuerpo, las huellas que llamaron la atenci\u00f3n, tales como de arrastre, de un veh\u00edculo y que le permit\u00edan concluir que el hecho no se produjo en el sitio donde fue dejado.<\/p>\n\n\n\n<p>En este contexto, en el domicilio del acusado se encontr\u00f3 una mancha de sangre, que fue sometida a pericias.<\/p>\n\n\n\n<p>Los siguientes testigos fueron la pareja de Ervas, se refiri\u00f3 a la \u00faltima vez que lo vio con vida; dos primos del fallecido que coincidieron en que el 25 de septiembre \u00e9ste deb\u00eda volver a Salvador Mazza a dejar una camioneta con Aparicio y no supieron nada m\u00e1s de \u00e9l.<\/p>\n\n\n\n<p>La quinta testigo fue una m\u00e9dica del CIF Or\u00e1n, quien se refiri\u00f3 a la autopsia realizada al cuerpo de Ervas, y su exposici\u00f3n fue con un soporte de gr\u00e1ficos (sin exhibir im\u00e1genes). De esta manera explic\u00f3 al jurado que presentaba 3 hematomas en en el cr\u00e1neo, que habr\u00edan sido producidas con un elemento duro y contundente. Las describi\u00f3 como lesiones graves y de tama\u00f1o considerable y que eran aptas para provocar la p\u00e9rdida de conocimiento y constat\u00f3 las 27 pu\u00f1aladas en distintas partes del cuerpo, tres de ellas vitales en la zona tor\u00e1cica.&nbsp;Tambi\u00e9n aclar\u00f3 que el cuerpo de Ervas no presentaba signos de defensa.<\/p>\n\n\n\n<p>Durante la tarde, declar\u00f3 un efectivo policial de la Unidad de Investigaci\u00f3n UGAP, quien tuvo a su cargo el an\u00e1lisis de comunicaciones y de impactos de antenas entre la v\u00edctima y el acusado. Se\u00f1al\u00f3 que, durante los tres d\u00edas previos al homicidio, Erva y Aparicio coincid\u00edan en ubicaci\u00f3n debido a sus encuentros, y que el 25 de septiembre es la \u00faltima fecha en la que se registran comunicaciones de la v\u00edctima. Indic\u00f3 que, seg\u00fan el informe, el tel\u00e9fono de la v\u00edctima se dirige hacia la vivienda del imputado y luego no registra m\u00e1s movimientos. Posteriormente, explic\u00f3 los desplazamientos del celular del acusado, primero hacia el lugar del hallazgo y luego hacia el sitio donde se guard\u00f3 la camioneta que intentaba vender.<\/p>\n\n\n\n<p>Tambi\u00e9n se refiri\u00f3 a las comunicaciones de la pareja de Aparicio, de las que surge la preocupaci\u00f3n existente por las deudas familiares y c\u00f3mo, repentinamente, estas fueron saldadas, adem\u00e1s de la mudanza del domicilio. Mencion\u00f3 asimismo otros mensajes en los que el acusado se\u00f1alaba que ya hab\u00eda terminado \u201cel trabajo\u201d y que esperaba cobrar.<\/p>\n\n\n\n<p>Se exhibieron videos extra\u00eddos de los tel\u00e9fonos, en los que se observa la caja de una cocina que luego fue hallada con sangre junto al cuerpo, as\u00ed como otros registros f\u00edlmicos posteriores al hecho, en los que ya no se la visualiza.<\/p>\n\n\n\n<p>Finalmente, el testigo se refiri\u00f3 a un allanamiento realizado en la vivienda donde resid\u00eda el acusado al momento del hecho, en el que se encontr\u00f3 sangre humana que, seg\u00fan declar\u00f3 una profesional del Servicio de Biolog\u00eda Molecular del Cuerpo de Investigaciones Fiscales, pertenec\u00eda a la v\u00edctima.<\/p>\n\n\n\n<p>Otro efectivo policial expuso sobre el relevamiento y an\u00e1lisis de c\u00e1maras de seguridad del Sistema de Emergencias 911 realizado. Se exhibieron registros en los que se observa la circulaci\u00f3n del acusado junto a la v\u00edctima, particularmente el 25 de septiembre. Confirm\u00f3 adem\u00e1s que, en un allanamiento realizado en la nueva residencia del acusado, se secuestr\u00f3 una cocina nueva que coincid\u00eda, por numeraci\u00f3n y datos de referencia, con la caja hallada en el lugar donde fue abandonado el cuerpo.<\/p>\n","protected":false},"excerpt":{"rendered":"<p>Este martes 28, luego de seleccionar a los 12 miembros del jurado y los 4 suplentes, se dio lugar a los alegatos iniciales de la Fiscal\u00eda y la Defensa. Durante la jornada se recibi\u00f3 la declaraci\u00f3n de 13 testigos citados.&nbsp; Los&nbsp;fiscales penales Mar\u00eda Soledad Filtrin y Santiago L\u00f3pez Soto,&nbsp;junto al&nbsp;secretario relator de la Procuraci\u00f3n General, [&hellip;]<\/p>\n","protected":false},"author":2,"featured_media":109569,"comment_status":"closed","ping_status":"closed","sticky":false,"template":"","format":"standard","meta":{"tdm_status":"","tdm_grid_status":"","_joinchat":[],"footnotes":""},"categories":[73],"tags":[],"class_list":{"0":"post-109568","1":"post","2":"type-post","3":"status-publish","4":"format-standard","5":"has-post-thumbnail","7":"category-noticias-general"},"amp_enabled":true,"_links":{"self":[{"href":"https:\/\/www.todoeldia.com\/index.php\/wp-json\/wp\/v2\/posts\/109568","targetHints":{"allow":["GET"]}}],"collection":[{"href":"https:\/\/www.todoeldia.com\/index.php\/wp-json\/wp\/v2\/posts"}],"about":[{"href":"https:\/\/www.todoeldia.com\/index.php\/wp-json\/wp\/v2\/types\/post"}],"author":[{"embeddable":true,"href":"https:\/\/www.todoeldia.com\/index.php\/wp-json\/wp\/v2\/users\/2"}],"replies":[{"embeddable":true,"href":"https:\/\/www.todoeldia.com\/index.php\/wp-json\/wp\/v2\/comments?post=109568"}],"version-history":[{"count":1,"href":"https:\/\/www.todoeldia.com\/index.php\/wp-json\/wp\/v2\/posts\/109568\/revisions"}],"predecessor-version":[{"id":109570,"href":"https:\/\/www.todoeldia.com\/index.php\/wp-json\/wp\/v2\/posts\/109568\/revisions\/109570"}],"wp:featuredmedia":[{"embeddable":true,"href":"https:\/\/www.todoeldia.com\/index.php\/wp-json\/wp\/v2\/media\/109569"}],"wp:attachment":[{"href":"https:\/\/www.todoeldia.com\/index.php\/wp-json\/wp\/v2\/media?parent=109568"}],"wp:term":[{"taxonomy":"category","embeddable":true,"href":"https:\/\/www.todoeldia.com\/index.php\/wp-json\/wp\/v2\/categories?post=109568"},{"taxonomy":"post_tag","embeddable":true,"href":"https:\/\/www.todoeldia.com\/index.php\/wp-json\/wp\/v2\/tags?post=109568"}],"curies":[{"name":"wp","href":"https:\/\/api.w.org\/{rel}","templated":true}]}}