{"id":109574,"date":"2026-04-29T11:25:55","date_gmt":"2026-04-29T14:25:55","guid":{"rendered":"https:\/\/www.todoeldia.com\/?p=109574"},"modified":"2026-04-29T11:25:56","modified_gmt":"2026-04-29T14:25:56","slug":"los-vecinos-de-tartagal-y-mosconi-se-levantaron-de-la-cama-por-un-sismo-de-4-4-de-magnitud","status":"publish","type":"post","link":"https:\/\/www.todoeldia.com\/index.php\/2026\/04\/29\/los-vecinos-de-tartagal-y-mosconi-se-levantaron-de-la-cama-por-un-sismo-de-4-4-de-magnitud\/","title":{"rendered":"Los vecinos de Tartagal y Mosconi se levantaron de la cama por un sismo de 4.4 de magnitud"},"content":{"rendered":"\n<p>El Instituto Nacional de Prevenci\u00f3n S\u00edsmica inform\u00f3 que fue de una profundidad de 10 kil\u00f3metros y se sinti\u00f3 en la parte norte de la provincia.<\/p>\n\n\n\n<p>El Instituto Nacional de Prevenci\u00f3n S\u00edsmica inform\u00f3 que los vecinos de la parte norte de Salta se levantaron de la cama por un sismo de 4.4 de magnitud. Pese al susto, no se registraron heridos ni da\u00f1os en las construcciones.<\/p>\n\n\n\n<p>El reporte diario del Instituto indica que a las 07.04hs de este mi\u00e9rcoles, las ciudades salte\u00f1as de Tartagal y General Mosconi fueron sacudidas por un sismo de magnitud 4.4 y que la intensidad fue catalogada como \u201cd\u00e9bil\u201d, por lo que lo percibieron algunas personas en reposo.<\/p>\n\n\n\n<p>Asimismo, en zonas como Aguaray, Coronel Cornejo y JC Salvatierra, en Formosa, la intensidad fue evaluada como \u201cmuy d\u00e9bil\u201d, motivo por el cual solo se sinti\u00f3 levemente en personas en reposo o en edificios, supo la Agencia Noticias Argentinas.<\/p>\n\n\n\n<p>El epicentro sucedi\u00f3 a 95 kil\u00f3metros al este de Mazza; a 107 kil\u00f3metros al este de Tartagal; y a 130 kil\u00f3metros al noroeste de Hickmann. Acerca de su profundidad, se indic\u00f3 que fue de 10 kil\u00f3metros.<\/p>\n\n\n\n<p>Las autoridades informaron que no se registraron heridos o construcciones da\u00f1adas producto del movimiento.<\/p>\n\n\n\n<p>Respecto a los vecinos, algunos comentaron que el movimiento fue leve, pero logr\u00f3 despertarlos, poni\u00e9ndolos en alerta.<\/p>\n","protected":false},"excerpt":{"rendered":"<p>El Instituto Nacional de Prevenci\u00f3n S\u00edsmica inform\u00f3 que fue de una profundidad de 10 kil\u00f3metros y se sinti\u00f3 en la parte norte de la provincia. El Instituto Nacional de Prevenci\u00f3n S\u00edsmica inform\u00f3 que los vecinos de la parte norte de Salta se levantaron de la cama por un sismo de 4.4 de magnitud. Pese al [&hellip;]<\/p>\n","protected":false},"author":2,"featured_media":109575,"comment_status":"closed","ping_status":"closed","sticky":false,"template":"","format":"standard","meta":{"tdm_status":"","tdm_grid_status":"","_joinchat":[],"footnotes":""},"categories":[69],"tags":[],"class_list":{"0":"post-109574","1":"post","2":"type-post","3":"status-publish","4":"format-standard","5":"has-post-thumbnail","7":"category-salta"},"amp_enabled":true,"_links":{"self":[{"href":"https:\/\/www.todoeldia.com\/index.php\/wp-json\/wp\/v2\/posts\/109574","targetHints":{"allow":["GET"]}}],"collection":[{"href":"https:\/\/www.todoeldia.com\/index.php\/wp-json\/wp\/v2\/posts"}],"about":[{"href":"https:\/\/www.todoeldia.com\/index.php\/wp-json\/wp\/v2\/types\/post"}],"author":[{"embeddable":true,"href":"https:\/\/www.todoeldia.com\/index.php\/wp-json\/wp\/v2\/users\/2"}],"replies":[{"embeddable":true,"href":"https:\/\/www.todoeldia.com\/index.php\/wp-json\/wp\/v2\/comments?post=109574"}],"version-history":[{"count":1,"href":"https:\/\/www.todoeldia.com\/index.php\/wp-json\/wp\/v2\/posts\/109574\/revisions"}],"predecessor-version":[{"id":109576,"href":"https:\/\/www.todoeldia.com\/index.php\/wp-json\/wp\/v2\/posts\/109574\/revisions\/109576"}],"wp:featuredmedia":[{"embeddable":true,"href":"https:\/\/www.todoeldia.com\/index.php\/wp-json\/wp\/v2\/media\/109575"}],"wp:attachment":[{"href":"https:\/\/www.todoeldia.com\/index.php\/wp-json\/wp\/v2\/media?parent=109574"}],"wp:term":[{"taxonomy":"category","embeddable":true,"href":"https:\/\/www.todoeldia.com\/index.php\/wp-json\/wp\/v2\/categories?post=109574"},{"taxonomy":"post_tag","embeddable":true,"href":"https:\/\/www.todoeldia.com\/index.php\/wp-json\/wp\/v2\/tags?post=109574"}],"curies":[{"name":"wp","href":"https:\/\/api.w.org\/{rel}","templated":true}]}}