{"id":109590,"date":"2026-04-29T13:11:57","date_gmt":"2026-04-29T16:11:57","guid":{"rendered":"https:\/\/www.todoeldia.com\/?p=109590"},"modified":"2026-04-29T13:21:51","modified_gmt":"2026-04-29T16:21:51","slug":"la-fiscalia-pidio-prision-perpetua-para-jose-figueroa-el-asesino-de-mercedes-kvedaras-en-el-tipal","status":"publish","type":"post","link":"https:\/\/www.todoeldia.com\/index.php\/2026\/04\/29\/la-fiscalia-pidio-prision-perpetua-para-jose-figueroa-el-asesino-de-mercedes-kvedaras-en-el-tipal\/","title":{"rendered":"\u201cSab\u00eda lo que hac\u00eda\u201d: la Fiscal\u00eda pidi\u00f3 prisi\u00f3n perpetua para el acusado del femicidio de Mercedes Kvedaras"},"content":{"rendered":"\n<p>Se inici\u00f3 esta ma\u00f1ana la audiencia de alegatos en la causa seguida contra Jos\u00e9 Figueroa de 46 a\u00f1os imputado por homicidio doblemente calificado de Mercedes Kvedaras ocurrido el 4 de agosto de 2023 en El Tipal. Expuso en primer t\u00e9rmino la fiscal de la UFEM, Luj\u00e1n Sodero Calvet. Mantuvo la acusaci\u00f3n y solicit\u00f3 para el acusado la sanci\u00f3n que se prev\u00e9 en los casos de femicidio: pena de prisi\u00f3n perpetua.<\/p>\n\n\n\n<p>Pidi\u00f3 adem\u00e1s que se mantenga la privaci\u00f3n de la libertad del imputado como medida cautelar hasta tanto la sentencia quede firme.<\/p>\n\n\n\n<p>La representante de la fiscal\u00eda requiri\u00f3 al tribunal que disponga una indemnizaci\u00f3n por da\u00f1o material y moral causado a la v\u00edctima y su familia, fij\u00e1ndose un monto prudencial. Consider\u00f3 que corresponder\u00eda otorgar una reparaci\u00f3n atento a las circunstancias del caso, aun cuando no se present\u00f3 actor\u00eda civil.<\/p>\n\n\n\n<p>La representante del Ministerio P\u00fablico hizo referencia a dos de los testigos (peritos) de la defensa que declararon durante el juicio: un m\u00e9dico legal y un licenciado en Criminal\u00edstica. En relaci\u00f3n al primero, solicit\u00f3 que se remitan las actuaciones a una fiscal\u00eda penal ante la posible materializaci\u00f3n de una conducta delictiva. Tambi\u00e9n al Tribunal de \u00c9tica del Colegio M\u00e9dico y a la Justicia Federal, donde se desempe\u00f1a como auxiliar de justicia.<\/p>\n\n\n\n<p>En relaci\u00f3n al segundo testigo, perito en Criminal\u00edstica, la fiscal tambi\u00e9n solicit\u00f3 remisi\u00f3n de copias de actuaciones a una fiscal\u00eda penal por la posible materializaci\u00f3n de una conducta delictiva.<\/p>\n","protected":false},"excerpt":{"rendered":"<p>Se inici\u00f3 esta ma\u00f1ana la audiencia de alegatos en la causa seguida contra Jos\u00e9 Figueroa de 46 a\u00f1os imputado por homicidio doblemente calificado de Mercedes Kvedaras ocurrido el 4 de agosto de 2023 en El Tipal. Expuso en primer t\u00e9rmino la fiscal de la UFEM, Luj\u00e1n Sodero Calvet. Mantuvo la acusaci\u00f3n y solicit\u00f3 para el [&hellip;]<\/p>\n","protected":false},"author":2,"featured_media":94330,"comment_status":"closed","ping_status":"closed","sticky":false,"template":"","format":"standard","meta":{"tdm_status":"","tdm_grid_status":"","_joinchat":[],"footnotes":""},"categories":[73],"tags":[],"class_list":{"0":"post-109590","1":"post","2":"type-post","3":"status-publish","4":"format-standard","5":"has-post-thumbnail","7":"category-noticias-general"},"amp_enabled":true,"_links":{"self":[{"href":"https:\/\/www.todoeldia.com\/index.php\/wp-json\/wp\/v2\/posts\/109590","targetHints":{"allow":["GET"]}}],"collection":[{"href":"https:\/\/www.todoeldia.com\/index.php\/wp-json\/wp\/v2\/posts"}],"about":[{"href":"https:\/\/www.todoeldia.com\/index.php\/wp-json\/wp\/v2\/types\/post"}],"author":[{"embeddable":true,"href":"https:\/\/www.todoeldia.com\/index.php\/wp-json\/wp\/v2\/users\/2"}],"replies":[{"embeddable":true,"href":"https:\/\/www.todoeldia.com\/index.php\/wp-json\/wp\/v2\/comments?post=109590"}],"version-history":[{"count":2,"href":"https:\/\/www.todoeldia.com\/index.php\/wp-json\/wp\/v2\/posts\/109590\/revisions"}],"predecessor-version":[{"id":109592,"href":"https:\/\/www.todoeldia.com\/index.php\/wp-json\/wp\/v2\/posts\/109590\/revisions\/109592"}],"wp:featuredmedia":[{"embeddable":true,"href":"https:\/\/www.todoeldia.com\/index.php\/wp-json\/wp\/v2\/media\/94330"}],"wp:attachment":[{"href":"https:\/\/www.todoeldia.com\/index.php\/wp-json\/wp\/v2\/media?parent=109590"}],"wp:term":[{"taxonomy":"category","embeddable":true,"href":"https:\/\/www.todoeldia.com\/index.php\/wp-json\/wp\/v2\/categories?post=109590"},{"taxonomy":"post_tag","embeddable":true,"href":"https:\/\/www.todoeldia.com\/index.php\/wp-json\/wp\/v2\/tags?post=109590"}],"curies":[{"name":"wp","href":"https:\/\/api.w.org\/{rel}","templated":true}]}}