{"id":109593,"date":"2026-04-29T13:22:30","date_gmt":"2026-04-29T16:22:30","guid":{"rendered":"https:\/\/www.todoeldia.com\/?p=109593"},"modified":"2026-04-29T13:22:31","modified_gmt":"2026-04-29T16:22:31","slug":"va-a-juicio-el-hombre-acusado-de-abusar-sexualmente-de-su-hijastra-de-nueve-anos","status":"publish","type":"post","link":"https:\/\/www.todoeldia.com\/index.php\/2026\/04\/29\/va-a-juicio-el-hombre-acusado-de-abusar-sexualmente-de-su-hijastra-de-nueve-anos\/","title":{"rendered":"Va a juicio el hombre acusado de abusar sexualmente de su hijastra de nueve a\u00f1os"},"content":{"rendered":"\n<p>En Circuito Cerrado de Televisi\u00f3n (CCTV), la ni\u00f1a manifest\u00f3 que la pareja de su madre vulneraba su integridad sexual desde hac\u00eda tiempo y de manera frecuente.<\/p>\n\n\n\n<p>El fiscal penal 1 de la Unidad de Delitos contra la Integridad Sexual, Federico Obeid, requiri\u00f3 ante el Juzgado de Garant\u00edas 1 del distrito Centro, la elevaci\u00f3n a juicio de la causa seguida contra un hombre imputado por el delito de abuso sexual simple -continuado- agravado por ser cometido contra una menor de edad aprovechando la situaci\u00f3n de convivencia preexistente.<\/p>\n\n\n\n<p>La intervenci\u00f3n de la Fiscal\u00eda inici\u00f3 con la denuncia de un hombre en representaci\u00f3n de su hija de nueve a\u00f1os, en contra de la actual pareja de la madre de la menor de edad.<\/p>\n\n\n\n<p>El hombre manifest\u00f3 que, a partir de un llamado de la madre de la ni\u00f1a alertando sobre determinadas conductas observadas en la menor, mantuvo una conversaci\u00f3n con su hija, oportunidad en la que \u00e9sta le cont\u00f3 haber sufrido abusos por parte de su padrastro desde hac\u00eda un tiempo.<\/p>\n\n\n\n<p>Desde la Fiscal\u00eda se ordenaron distintas medidas investigativas. En Circuito Cerrado de Televisi\u00f3n (CCTV), la menor confirm\u00f3 lo denunciado por su padre, manifest\u00f3 que los abusos suced\u00edan hac\u00eda tiempo y que se repet\u00edan con frecuencia, aportando detalles.<\/p>\n\n\n\n<p>Tras evaluar los informes de los profesionales intervinientes, el fiscal Obeid requiri\u00f3 que el imputado sea juzgado.<\/p>\n","protected":false},"excerpt":{"rendered":"<p>En Circuito Cerrado de Televisi\u00f3n (CCTV), la ni\u00f1a manifest\u00f3 que la pareja de su madre vulneraba su integridad sexual desde hac\u00eda tiempo y de manera frecuente. El fiscal penal 1 de la Unidad de Delitos contra la Integridad Sexual, Federico Obeid, requiri\u00f3 ante el Juzgado de Garant\u00edas 1 del distrito Centro, la elevaci\u00f3n a juicio [&hellip;]<\/p>\n","protected":false},"author":2,"featured_media":42291,"comment_status":"closed","ping_status":"closed","sticky":false,"template":"","format":"standard","meta":{"tdm_status":"","tdm_grid_status":"","_joinchat":[],"footnotes":""},"categories":[73],"tags":[],"class_list":{"0":"post-109593","1":"post","2":"type-post","3":"status-publish","4":"format-standard","5":"has-post-thumbnail","7":"category-noticias-general"},"amp_enabled":true,"_links":{"self":[{"href":"https:\/\/www.todoeldia.com\/index.php\/wp-json\/wp\/v2\/posts\/109593","targetHints":{"allow":["GET"]}}],"collection":[{"href":"https:\/\/www.todoeldia.com\/index.php\/wp-json\/wp\/v2\/posts"}],"about":[{"href":"https:\/\/www.todoeldia.com\/index.php\/wp-json\/wp\/v2\/types\/post"}],"author":[{"embeddable":true,"href":"https:\/\/www.todoeldia.com\/index.php\/wp-json\/wp\/v2\/users\/2"}],"replies":[{"embeddable":true,"href":"https:\/\/www.todoeldia.com\/index.php\/wp-json\/wp\/v2\/comments?post=109593"}],"version-history":[{"count":1,"href":"https:\/\/www.todoeldia.com\/index.php\/wp-json\/wp\/v2\/posts\/109593\/revisions"}],"predecessor-version":[{"id":109594,"href":"https:\/\/www.todoeldia.com\/index.php\/wp-json\/wp\/v2\/posts\/109593\/revisions\/109594"}],"wp:featuredmedia":[{"embeddable":true,"href":"https:\/\/www.todoeldia.com\/index.php\/wp-json\/wp\/v2\/media\/42291"}],"wp:attachment":[{"href":"https:\/\/www.todoeldia.com\/index.php\/wp-json\/wp\/v2\/media?parent=109593"}],"wp:term":[{"taxonomy":"category","embeddable":true,"href":"https:\/\/www.todoeldia.com\/index.php\/wp-json\/wp\/v2\/categories?post=109593"},{"taxonomy":"post_tag","embeddable":true,"href":"https:\/\/www.todoeldia.com\/index.php\/wp-json\/wp\/v2\/tags?post=109593"}],"curies":[{"name":"wp","href":"https:\/\/api.w.org\/{rel}","templated":true}]}}