{"id":109598,"date":"2026-04-29T15:19:31","date_gmt":"2026-04-29T18:19:31","guid":{"rendered":"https:\/\/www.todoeldia.com\/?p=109598"},"modified":"2026-04-29T15:19:32","modified_gmt":"2026-04-29T18:19:32","slug":"el-concejo-deliberante-de-san-lorenzo-destituyo-a-aldo-gonza-condenado-por-corrupcion","status":"publish","type":"post","link":"https:\/\/www.todoeldia.com\/index.php\/2026\/04\/29\/el-concejo-deliberante-de-san-lorenzo-destituyo-a-aldo-gonza-condenado-por-corrupcion\/","title":{"rendered":"El Concejo Deliberante de San Lorenzo\u00a0 destituyo a Aldo Gonza, condenado por corrupci\u00f3n"},"content":{"rendered":"\n<p>En sesi\u00f3n extraordinaria, el Concejo Deliberante de San Lorenzo vot\u00f3 la destituci\u00f3n del hermano del ex intendente y tambi\u00e9n condenado por corrupci\u00f3n Aldo Gonza.<\/p>\n\n\n\n<p>Un mes despu\u00e9s de haber sido condenado a tres a\u00f1os de prisi\u00f3n de ejecuci\u00f3n condicional e inhabilitaci\u00f3n absoluta perpetua, en car\u00e1cter de part\u00edcipe necesario en un hecho de peculado, el concejal de San Lorenzo Aldo Gonza fue destituido.<\/p>\n\n\n\n<p>El ahora ex concejal fue condenado junto a su hermano, el ex intendente de esa localidad, Ernesto &#8220;kila&#8221; Gonza (quien tambi\u00e9n hab\u00eda asumido como concejal en diciembre), y otros implicados por numerosos delitos contra la administraci\u00f3n p\u00fablica.<\/p>\n\n\n\n<p>A diferencia de \u201cKila\u201d, Aldo accedi\u00f3 a prisi\u00f3n condicional (es decir, no se encuentra en la c\u00e1rcel) y sigui\u00f3 ejerciendo el cargo y participando de las sesiones hasta que el cuerpo vot\u00f3 la destituci\u00f3n por inhabilidad moral.<\/p>\n","protected":false},"excerpt":{"rendered":"<p>En sesi\u00f3n extraordinaria, el Concejo Deliberante de San Lorenzo vot\u00f3 la destituci\u00f3n del hermano del ex intendente y tambi\u00e9n condenado por corrupci\u00f3n Aldo Gonza. Un mes despu\u00e9s de haber sido condenado a tres a\u00f1os de prisi\u00f3n de ejecuci\u00f3n condicional e inhabilitaci\u00f3n absoluta perpetua, en car\u00e1cter de part\u00edcipe necesario en un hecho de peculado, el concejal [&hellip;]<\/p>\n","protected":false},"author":2,"featured_media":109599,"comment_status":"closed","ping_status":"closed","sticky":false,"template":"","format":"standard","meta":{"tdm_status":"","tdm_grid_status":"","_joinchat":[],"footnotes":""},"categories":[59],"tags":[],"class_list":{"0":"post-109598","1":"post","2":"type-post","3":"status-publish","4":"format-standard","5":"has-post-thumbnail","7":"category-politica"},"amp_enabled":true,"_links":{"self":[{"href":"https:\/\/www.todoeldia.com\/index.php\/wp-json\/wp\/v2\/posts\/109598","targetHints":{"allow":["GET"]}}],"collection":[{"href":"https:\/\/www.todoeldia.com\/index.php\/wp-json\/wp\/v2\/posts"}],"about":[{"href":"https:\/\/www.todoeldia.com\/index.php\/wp-json\/wp\/v2\/types\/post"}],"author":[{"embeddable":true,"href":"https:\/\/www.todoeldia.com\/index.php\/wp-json\/wp\/v2\/users\/2"}],"replies":[{"embeddable":true,"href":"https:\/\/www.todoeldia.com\/index.php\/wp-json\/wp\/v2\/comments?post=109598"}],"version-history":[{"count":1,"href":"https:\/\/www.todoeldia.com\/index.php\/wp-json\/wp\/v2\/posts\/109598\/revisions"}],"predecessor-version":[{"id":109600,"href":"https:\/\/www.todoeldia.com\/index.php\/wp-json\/wp\/v2\/posts\/109598\/revisions\/109600"}],"wp:featuredmedia":[{"embeddable":true,"href":"https:\/\/www.todoeldia.com\/index.php\/wp-json\/wp\/v2\/media\/109599"}],"wp:attachment":[{"href":"https:\/\/www.todoeldia.com\/index.php\/wp-json\/wp\/v2\/media?parent=109598"}],"wp:term":[{"taxonomy":"category","embeddable":true,"href":"https:\/\/www.todoeldia.com\/index.php\/wp-json\/wp\/v2\/categories?post=109598"},{"taxonomy":"post_tag","embeddable":true,"href":"https:\/\/www.todoeldia.com\/index.php\/wp-json\/wp\/v2\/tags?post=109598"}],"curies":[{"name":"wp","href":"https:\/\/api.w.org\/{rel}","templated":true}]}}