{"id":109616,"date":"2026-04-30T10:58:10","date_gmt":"2026-04-30T13:58:10","guid":{"rendered":"https:\/\/www.todoeldia.com\/?p=109616"},"modified":"2026-04-30T10:58:11","modified_gmt":"2026-04-30T13:58:11","slug":"manana-no-habra-recoleccion-de-residuos","status":"publish","type":"post","link":"https:\/\/www.todoeldia.com\/index.php\/2026\/04\/30\/manana-no-habra-recoleccion-de-residuos\/","title":{"rendered":"Ma\u00f1ana no habr\u00e1 recolecci\u00f3n de residuos"},"content":{"rendered":"\n<p>La Secretar\u00eda de Ambiente y Servicios P\u00fablicos informa que, no se realizar\u00e1 la recolecci\u00f3n de residuos durante la noche del jueves 30 de abril ni la ma\u00f1ana del viernes 1\u00b0 de mayo. Cabe destacar que esta fecha constituye uno de los cuatro feriados anuales establecidos para el personal de la empresa, motivo por el cual los servicios se retomar\u00e1n reci\u00e9n el viernes 1\u00b0 a partir de las 21 con el turno nocturno, normaliz\u00e1ndose el cronograma durante el resto del fin de semana.<\/p>\n\n\n\n<p>El Centro C\u00edvico Municipal (CCM) permanecer\u00e1 cerrado, al igual que sus dependencias, retomando la atenci\u00f3n normal el lunes 4.<\/p>\n\n\n\n<p>Ante esta situaci\u00f3n, se solicita encarecidamente a los vecinos no sacar sus bolsas de basura en los horarios mencionados para colaborar con la limpieza y el mantenimiento de la ciudad.<\/p>\n\n\n\n<p>Los cementerios municipales De la Santa Cruz y San Antonio de Padua estar\u00e1n abiertos de 7 a 19, pero la administraci\u00f3n atender\u00e1 solo hasta las 13.<\/p>\n\n\n\n<p>Los mercados municipales San Miguel y su anexo de Pje. Miramar, estar\u00e1n cerrados, igual que el mercadito Belgrano, mientras que el Patio de las Empanadas estar\u00e1 abierto todo el d\u00eda.<\/p>\n","protected":false},"excerpt":{"rendered":"<p>La Secretar\u00eda de Ambiente y Servicios P\u00fablicos informa que, no se realizar\u00e1 la recolecci\u00f3n de residuos durante la noche del jueves 30 de abril ni la ma\u00f1ana del viernes 1\u00b0 de mayo. Cabe destacar que esta fecha constituye uno de los cuatro feriados anuales establecidos para el personal de la empresa, motivo por el cual [&hellip;]<\/p>\n","protected":false},"author":2,"featured_media":14249,"comment_status":"closed","ping_status":"closed","sticky":false,"template":"","format":"standard","meta":{"tdm_status":"","tdm_grid_status":"","_joinchat":[],"footnotes":""},"categories":[73],"tags":[],"class_list":{"0":"post-109616","1":"post","2":"type-post","3":"status-publish","4":"format-standard","5":"has-post-thumbnail","7":"category-noticias-general"},"amp_enabled":true,"_links":{"self":[{"href":"https:\/\/www.todoeldia.com\/index.php\/wp-json\/wp\/v2\/posts\/109616","targetHints":{"allow":["GET"]}}],"collection":[{"href":"https:\/\/www.todoeldia.com\/index.php\/wp-json\/wp\/v2\/posts"}],"about":[{"href":"https:\/\/www.todoeldia.com\/index.php\/wp-json\/wp\/v2\/types\/post"}],"author":[{"embeddable":true,"href":"https:\/\/www.todoeldia.com\/index.php\/wp-json\/wp\/v2\/users\/2"}],"replies":[{"embeddable":true,"href":"https:\/\/www.todoeldia.com\/index.php\/wp-json\/wp\/v2\/comments?post=109616"}],"version-history":[{"count":1,"href":"https:\/\/www.todoeldia.com\/index.php\/wp-json\/wp\/v2\/posts\/109616\/revisions"}],"predecessor-version":[{"id":109617,"href":"https:\/\/www.todoeldia.com\/index.php\/wp-json\/wp\/v2\/posts\/109616\/revisions\/109617"}],"wp:featuredmedia":[{"embeddable":true,"href":"https:\/\/www.todoeldia.com\/index.php\/wp-json\/wp\/v2\/media\/14249"}],"wp:attachment":[{"href":"https:\/\/www.todoeldia.com\/index.php\/wp-json\/wp\/v2\/media?parent=109616"}],"wp:term":[{"taxonomy":"category","embeddable":true,"href":"https:\/\/www.todoeldia.com\/index.php\/wp-json\/wp\/v2\/categories?post=109616"},{"taxonomy":"post_tag","embeddable":true,"href":"https:\/\/www.todoeldia.com\/index.php\/wp-json\/wp\/v2\/tags?post=109616"}],"curies":[{"name":"wp","href":"https:\/\/api.w.org\/{rel}","templated":true}]}}