{"id":109618,"date":"2026-04-30T11:09:32","date_gmt":"2026-04-30T14:09:32","guid":{"rendered":"https:\/\/www.todoeldia.com\/?p=109618"},"modified":"2026-04-30T11:09:33","modified_gmt":"2026-04-30T14:09:33","slug":"9-meses-a-la-carcel-por-violentos-ataques-a-su-ex-pareja-en-el-barrio-bicentenario","status":"publish","type":"post","link":"https:\/\/www.todoeldia.com\/index.php\/2026\/04\/30\/9-meses-a-la-carcel-por-violentos-ataques-a-su-ex-pareja-en-el-barrio-bicentenario\/","title":{"rendered":"9 meses a la c\u00e1rcel por violentos ataques a su ex pareja en el Barrio Bicentenario"},"content":{"rendered":"\n<p>La v\u00edctima denunci\u00f3 m\u00faltiples episodios ocurridos entre mayo y septiembre de 2025, en el barrio Bicentenario, donde conviv\u00eda con el agresor.&nbsp;<\/p>\n\n\n\n<p>El&nbsp;fiscal penal 2 de Violencia de G\u00e9nero, Federico Portal, represent\u00f3 al&nbsp;Ministerio P\u00fablico Fiscal&nbsp;en la audiencia de juicio abreviado en la que un hombre de 29 a\u00f1os fue condenado a la pena de nueve meses de prisi\u00f3n de ejecuci\u00f3n efectiva, por distintos hechos de violencia en perjuicio de su expareja.<\/p>\n\n\n\n<p>La denunciante, una mujer de 25 a\u00f1os y madre de dos ni\u00f1os, mantuvo una relaci\u00f3n de cinco meses con el acusado, que ten\u00eda antecedentes penales por robo y consumo problem\u00e1tico.<\/p>\n\n\n\n<p>El fiscal Portal destac\u00f3 que de las actuaciones se desprende que, durante la convivencia en la casa del acusado, situada en el barrio Bicentenario de la ciudad de Salta, la v\u00edctima sufri\u00f3 episodios de violencia f\u00edsica y psicol\u00f3gica, control coercitivo y aislamiento social.<\/p>\n\n\n\n<p>En sus denuncias, la mujer cont\u00f3 que el agresor la golpeaba con los pu\u00f1os, palos, cuchillos y fierros cuando intentaba salir o vincularse con su familia, mientras que ejerc\u00eda control sobre sus movimientos y restring\u00eda sus contactos sociales y familiares.<\/p>\n\n\n\n<p>Asimismo, seg\u00fan el relato de la v\u00edctima, el hombre se autolesionaba en su presencia, responsabiliz\u00e1ndola por ello, a la vez que ejerc\u00eda un hostigamiento persistente, ya que la segu\u00eda y la controlaba en sus recorridos habituales.<\/p>\n\n\n\n<p>Por otro lado, la mujer se\u00f1al\u00f3 que el acusado la amenazaba a ella y al padre de sus hijos, y que la agred\u00eda frente a los menores. Todas estas acciones denunciadas derivaron en una prohibici\u00f3n de acercamiento a 300 metros de la v\u00edctima.<\/p>\n\n\n\n<p>El 10 de septiembre pasado, la denunciante sufri\u00f3 un intento de apu\u00f1alamiento frente a la escuela de uno de sus hijos, donde esquiv\u00f3 una estocada dirigida a su est\u00f3mago, lo que le gener\u00f3 lesiones en una de sus manos.<\/p>\n\n\n\n<p>La mujer, que reside en la casa de su madre en el barrio Puerto Argentino, logr\u00f3 dar aviso de la agresi\u00f3n mediante el bot\u00f3n antip\u00e1nico, por lo que una patrulla acudi\u00f3 para auxiliarla y la traslad\u00f3 al centro de salud 59, del barrio Palmeritas, para su atenci\u00f3n. Posteriormente, se divis\u00f3 al hombre en la v\u00eda p\u00fablica y se procedi\u00f3 a su detenci\u00f3n.<\/p>\n\n\n\n<p>La Fiscal\u00eda solicit\u00f3 elevar a juicio la causa por coacci\u00f3n, agresi\u00f3n con arma agravada y desobediencia judicial contra su expareja, tras los hechos de violencia denunciados entre mayo y septiembre de 2025.<\/p>\n\n\n\n<p>Las partes llegaron a un acuerdo que el juez Federico Diez homolog\u00f3, tras lo cual conden\u00f3 al acusado a la pena de nueve meses de prisi\u00f3n de ejecuci\u00f3n efectiva por los delitos de&nbsp;<em>amenazas, agresi\u00f3n con arma agravada (dos hechos) y desobediencia judicial (dos hechos).<\/em><\/p>\n","protected":false},"excerpt":{"rendered":"<p>La v\u00edctima denunci\u00f3 m\u00faltiples episodios ocurridos entre mayo y septiembre de 2025, en el barrio Bicentenario, donde conviv\u00eda con el agresor.&nbsp; El&nbsp;fiscal penal 2 de Violencia de G\u00e9nero, Federico Portal, represent\u00f3 al&nbsp;Ministerio P\u00fablico Fiscal&nbsp;en la audiencia de juicio abreviado en la que un hombre de 29 a\u00f1os fue condenado a la pena de nueve meses [&hellip;]<\/p>\n","protected":false},"author":2,"featured_media":32785,"comment_status":"closed","ping_status":"closed","sticky":false,"template":"","format":"standard","meta":{"tdm_status":"","tdm_grid_status":"","_joinchat":[],"footnotes":""},"categories":[73],"tags":[],"class_list":{"0":"post-109618","1":"post","2":"type-post","3":"status-publish","4":"format-standard","5":"has-post-thumbnail","7":"category-noticias-general"},"amp_enabled":true,"_links":{"self":[{"href":"https:\/\/www.todoeldia.com\/index.php\/wp-json\/wp\/v2\/posts\/109618","targetHints":{"allow":["GET"]}}],"collection":[{"href":"https:\/\/www.todoeldia.com\/index.php\/wp-json\/wp\/v2\/posts"}],"about":[{"href":"https:\/\/www.todoeldia.com\/index.php\/wp-json\/wp\/v2\/types\/post"}],"author":[{"embeddable":true,"href":"https:\/\/www.todoeldia.com\/index.php\/wp-json\/wp\/v2\/users\/2"}],"replies":[{"embeddable":true,"href":"https:\/\/www.todoeldia.com\/index.php\/wp-json\/wp\/v2\/comments?post=109618"}],"version-history":[{"count":1,"href":"https:\/\/www.todoeldia.com\/index.php\/wp-json\/wp\/v2\/posts\/109618\/revisions"}],"predecessor-version":[{"id":109619,"href":"https:\/\/www.todoeldia.com\/index.php\/wp-json\/wp\/v2\/posts\/109618\/revisions\/109619"}],"wp:featuredmedia":[{"embeddable":true,"href":"https:\/\/www.todoeldia.com\/index.php\/wp-json\/wp\/v2\/media\/32785"}],"wp:attachment":[{"href":"https:\/\/www.todoeldia.com\/index.php\/wp-json\/wp\/v2\/media?parent=109618"}],"wp:term":[{"taxonomy":"category","embeddable":true,"href":"https:\/\/www.todoeldia.com\/index.php\/wp-json\/wp\/v2\/categories?post=109618"},{"taxonomy":"post_tag","embeddable":true,"href":"https:\/\/www.todoeldia.com\/index.php\/wp-json\/wp\/v2\/tags?post=109618"}],"curies":[{"name":"wp","href":"https:\/\/api.w.org\/{rel}","templated":true}]}}