{"id":109620,"date":"2026-04-30T11:29:00","date_gmt":"2026-04-30T14:29:00","guid":{"rendered":"https:\/\/www.todoeldia.com\/?p=109620"},"modified":"2026-04-30T11:29:01","modified_gmt":"2026-04-30T14:29:01","slug":"una-mujer-asesino-a-su-nieta-de-cuatro-meses-y-fue-condenada-a-perpetua","status":"publish","type":"post","link":"https:\/\/www.todoeldia.com\/index.php\/2026\/04\/30\/una-mujer-asesino-a-su-nieta-de-cuatro-meses-y-fue-condenada-a-perpetua\/","title":{"rendered":"Una mujer asesin\u00f3 a su nieta de cuatro meses y fue condenada a perpetua"},"content":{"rendered":"\n<p>La abuela de 54 a\u00f1os fue sentenciada por homicidio agravado por el v\u00ednculo y por alevos\u00eda. La madre de la menor fue imputada por el delito de abandono de persona.<\/p>\n\n\n\n<p>El Tribunal Oral en lo Criminal N\u00b04 de Lomas de Zamora conden\u00f3 a prisi\u00f3n perpetua a una mujer de 54 a\u00f1os por el asesinato de su nieta de cuatro meses, ocurrido en enero de 2022 en la localidad de Ingeniero Budge.<\/p>\n\n\n\n<p>Fuentes judiciales informaron que Bettina Paola Fabbro fue juzgada luego de que se determinara que se encontraba en condiciones de afrontar el proceso. Durante el debate, los jueces acompa\u00f1aron el planteo del fiscal Hugo Carri\u00f3n, quien hab\u00eda solicitado la pena m\u00e1xima al considerarla responsable del delito de homicidio agravado por el v\u00ednculo y por alevos\u00eda.<\/p>\n\n\n\n<figure class=\"wp-block-image size-large\"><img loading=\"lazy\" decoding=\"async\" width=\"1024\" height=\"681\" src=\"https:\/\/www.todoeldia.com\/wp-content\/uploads\/2026\/04\/image-109-1024x681.png\" alt=\"\" class=\"wp-image-109622\" srcset=\"https:\/\/www.todoeldia.com\/wp-content\/uploads\/2026\/04\/image-109-1024x681.png 1024w, https:\/\/www.todoeldia.com\/wp-content\/uploads\/2026\/04\/image-109-300x200.png 300w, https:\/\/www.todoeldia.com\/wp-content\/uploads\/2026\/04\/image-109-768x511.png 768w, https:\/\/www.todoeldia.com\/wp-content\/uploads\/2026\/04\/image-109-631x420.png 631w, https:\/\/www.todoeldia.com\/wp-content\/uploads\/2026\/04\/image-109-696x463.png 696w, https:\/\/www.todoeldia.com\/wp-content\/uploads\/2026\/04\/image-109-1068x711.png 1068w, https:\/\/www.todoeldia.com\/wp-content\/uploads\/2026\/04\/image-109.png 1440w\" sizes=\"auto, (max-width: 1024px) 100vw, 1024px\" \/><\/figure>\n\n\n\n<p><strong>La mujer fue condenada a perpetua por el crimen ocurrido en 2022.<\/strong><\/p>\n\n\n\n<p>El brutal caso que conmocion\u00f3 a Ingeniero Budge<\/p>\n\n\n\n<p>El hecho ocurri\u00f3 el 14 de enero de 2022, cerca de las 7 de la ma\u00f1ana, cuando Fabbro se present\u00f3 en la casa de una vecina ubicada sobre la calle Guamin\u00ed, entre Necol y Campana, en Budge.<\/p>\n\n\n\n<p>De acuerdo con la investigaci\u00f3n realizada por la UFI 16 de Lomas de Zamora, la ahora condenada le pidi\u00f3 a la mujer que cuidara a su otra nieta, de un a\u00f1o y medio, porque la beba de 4 meses \u201cse hab\u00eda ahogado\u201d. La vecina asisti\u00f3 a la ni\u00f1a mayor, pero luego se comprob\u00f3 que la acusada llev\u00f3 a la chiquita a la Unidad Sanitaria Finocchieto reci\u00e9n a las 10 de la ma\u00f1ana, es decir, tres horas despu\u00e9s.<\/p>\n\n\n\n<p>Cuando los m\u00e9dicos revisaron a la v\u00edctima, detectaron golpes en distintas partes del cuerpo, especialmente en la cara y en el cuello, lo que despert\u00f3 sospechas entre los investigadores. Seg\u00fan indicaron fuentes del caso, las primeras versiones que dio la acusada fueron \u201cconfusas y contradictorias\u201d.<\/p>\n\n\n\n<p>Durante la pesquisa tambi\u00e9n se estableci\u00f3 que la mujer viv\u00eda en esa casa junto a su hija, madre de las dos menores. La adolescente ten\u00eda 17 a\u00f1os y no se encontraba en la vivienda al momento del hecho.<\/p>\n\n\n\n<p>Seg\u00fan declararon testigos durante la instrucci\u00f3n, ambas nenas lloraban de manera constante y, en distintas ocasiones, tanto la madre como la abuela las dejaban solas dentro de la peque\u00f1a casa donde resid\u00edan.<\/p>\n\n\n\n<p>En un primer momento, los m\u00e9dicos concluyeron que las lesiones de la beba eran compatibles con maltratos y no con un accidente dom\u00e9stico. M\u00e1s tarde, la autopsia confirm\u00f3 que la ni\u00f1a, identificada como Ana, muri\u00f3 asfixiada por una persona que le tap\u00f3 las v\u00edas respiratorias con la mano.<\/p>\n","protected":false},"excerpt":{"rendered":"<p>La abuela de 54 a\u00f1os fue sentenciada por homicidio agravado por el v\u00ednculo y por alevos\u00eda. La madre de la menor fue imputada por el delito de abandono de persona. El Tribunal Oral en lo Criminal N\u00b04 de Lomas de Zamora conden\u00f3 a prisi\u00f3n perpetua a una mujer de 54 a\u00f1os por el asesinato de [&hellip;]<\/p>\n","protected":false},"author":2,"featured_media":109621,"comment_status":"closed","ping_status":"closed","sticky":false,"template":"","format":"standard","meta":{"tdm_status":"","tdm_grid_status":"","_joinchat":[],"footnotes":""},"categories":[73],"tags":[],"class_list":{"0":"post-109620","1":"post","2":"type-post","3":"status-publish","4":"format-standard","5":"has-post-thumbnail","7":"category-noticias-general"},"amp_enabled":true,"_links":{"self":[{"href":"https:\/\/www.todoeldia.com\/index.php\/wp-json\/wp\/v2\/posts\/109620","targetHints":{"allow":["GET"]}}],"collection":[{"href":"https:\/\/www.todoeldia.com\/index.php\/wp-json\/wp\/v2\/posts"}],"about":[{"href":"https:\/\/www.todoeldia.com\/index.php\/wp-json\/wp\/v2\/types\/post"}],"author":[{"embeddable":true,"href":"https:\/\/www.todoeldia.com\/index.php\/wp-json\/wp\/v2\/users\/2"}],"replies":[{"embeddable":true,"href":"https:\/\/www.todoeldia.com\/index.php\/wp-json\/wp\/v2\/comments?post=109620"}],"version-history":[{"count":1,"href":"https:\/\/www.todoeldia.com\/index.php\/wp-json\/wp\/v2\/posts\/109620\/revisions"}],"predecessor-version":[{"id":109623,"href":"https:\/\/www.todoeldia.com\/index.php\/wp-json\/wp\/v2\/posts\/109620\/revisions\/109623"}],"wp:featuredmedia":[{"embeddable":true,"href":"https:\/\/www.todoeldia.com\/index.php\/wp-json\/wp\/v2\/media\/109621"}],"wp:attachment":[{"href":"https:\/\/www.todoeldia.com\/index.php\/wp-json\/wp\/v2\/media?parent=109620"}],"wp:term":[{"taxonomy":"category","embeddable":true,"href":"https:\/\/www.todoeldia.com\/index.php\/wp-json\/wp\/v2\/categories?post=109620"},{"taxonomy":"post_tag","embeddable":true,"href":"https:\/\/www.todoeldia.com\/index.php\/wp-json\/wp\/v2\/tags?post=109620"}],"curies":[{"name":"wp","href":"https:\/\/api.w.org\/{rel}","templated":true}]}}