{"id":109649,"date":"2026-04-30T18:02:42","date_gmt":"2026-04-30T21:02:42","guid":{"rendered":"https:\/\/www.todoeldia.com\/?p=109649"},"modified":"2026-04-30T18:02:44","modified_gmt":"2026-04-30T21:02:44","slug":"2-detenidos-por-robar-un-toro-y-faenarlo-en-chicoana","status":"publish","type":"post","link":"https:\/\/www.todoeldia.com\/index.php\/2026\/04\/30\/2-detenidos-por-robar-un-toro-y-faenarlo-en-chicoana\/","title":{"rendered":"2 detenidos por robar un toro y faenarlo en Chicoana"},"content":{"rendered":"\n<p>Los testimonios incorporados a la causa dan cuenta de que los acusados fueron vistos durante la noche y madrugada, cargando la carne en el veh\u00edculo y retir\u00e1ndose posteriormente.<\/p>\n\n\n\n<p>La&nbsp;fiscal penal de Cerrillos,&nbsp;M\u00f3nica Viazzi, a trav\u00e9s de la&nbsp;Delegaci\u00f3n El Carril, imput\u00f3 de forma provisional a dos hombres de 28 y 50 a\u00f1os, como coautores del delito de&nbsp;<em>abigeato<\/em>, en perjuicio del propietario de una finca en el paraje Potrero de D\u00edaz, localidad de Chicoana.<\/p>\n\n\n\n<p>La intervenci\u00f3n fiscal se inici\u00f3 a partir de actuaciones de la Divisi\u00f3n Rural de la Polic\u00eda, luego de que en la madrugada del 9 de febrero se reportara la faena clandestina de un animal vacuno en inmediaciones de la playa del r\u00edo, frente a una escuela de la zona.<\/p>\n\n\n\n<p>De acuerdo con la investigaci\u00f3n, dos hombres fueron observados por vecinos mientras faenaban un bovino macho, de gran porte y pelaje ahumado, para luego trasladar la carne en una camioneta gris. Testigos del lugar identificaron a los sospechosos&nbsp;y aportaron datos sobre el veh\u00edculo utilizado.<\/p>\n\n\n\n<p>El damnificado se\u00f1al\u00f3 en su denuncia, que el animal le pertenec\u00eda y que no es la primera vez que sufre este tipo de hechos, situaci\u00f3n que \u2014seg\u00fan indic\u00f3\u2014 se ve favorecida por su avanzada edad y las dificultades para controlar su hacienda.<\/p>\n\n\n\n<p>En el marco de las tareas investigativas, personal policial localiz\u00f3 en la localidad de Coronel Moldes una camioneta en la v\u00eda p\u00fablica, que coincid\u00eda con la descripta por los testigos. En su interior se observaron manchas sanguinolentas y se secuestraron elementos compatibles con la faena, entre ellos un machete y tientos de cuero.<\/p>\n\n\n\n<p>Al ser entrevistado, el hombre que se encontraba en el veh\u00edculo, reconoci\u00f3 el hecho e indic\u00f3 el lugar donde se habr\u00eda realizado la faena, lo que permiti\u00f3 a los investigadores ubicar en la zona restos del animal, entre ellos el cuero y parte de la cabeza.&nbsp;<\/p>\n\n\n\n<p>En paralelo, se logr\u00f3 el secuestro de distintos cortes c\u00e1rnicos vinculados al hecho: una pierna hallada en un domicilio del barrio Solidaridad, vinculado al otro imputado, y otras partes \u2014como costillar, espalda, espinazo y trozos de carne\u2014 entregadas de manera voluntaria por un familiar.<\/p>\n","protected":false},"excerpt":{"rendered":"<p>Los testimonios incorporados a la causa dan cuenta de que los acusados fueron vistos durante la noche y madrugada, cargando la carne en el veh\u00edculo y retir\u00e1ndose posteriormente. La&nbsp;fiscal penal de Cerrillos,&nbsp;M\u00f3nica Viazzi, a trav\u00e9s de la&nbsp;Delegaci\u00f3n El Carril, imput\u00f3 de forma provisional a dos hombres de 28 y 50 a\u00f1os, como coautores del delito [&hellip;]<\/p>\n","protected":false},"author":2,"featured_media":108834,"comment_status":"closed","ping_status":"closed","sticky":false,"template":"","format":"standard","meta":{"tdm_status":"","tdm_grid_status":"","_joinchat":[],"footnotes":""},"categories":[73],"tags":[],"class_list":{"0":"post-109649","1":"post","2":"type-post","3":"status-publish","4":"format-standard","5":"has-post-thumbnail","7":"category-noticias-general"},"amp_enabled":true,"_links":{"self":[{"href":"https:\/\/www.todoeldia.com\/index.php\/wp-json\/wp\/v2\/posts\/109649","targetHints":{"allow":["GET"]}}],"collection":[{"href":"https:\/\/www.todoeldia.com\/index.php\/wp-json\/wp\/v2\/posts"}],"about":[{"href":"https:\/\/www.todoeldia.com\/index.php\/wp-json\/wp\/v2\/types\/post"}],"author":[{"embeddable":true,"href":"https:\/\/www.todoeldia.com\/index.php\/wp-json\/wp\/v2\/users\/2"}],"replies":[{"embeddable":true,"href":"https:\/\/www.todoeldia.com\/index.php\/wp-json\/wp\/v2\/comments?post=109649"}],"version-history":[{"count":1,"href":"https:\/\/www.todoeldia.com\/index.php\/wp-json\/wp\/v2\/posts\/109649\/revisions"}],"predecessor-version":[{"id":109650,"href":"https:\/\/www.todoeldia.com\/index.php\/wp-json\/wp\/v2\/posts\/109649\/revisions\/109650"}],"wp:featuredmedia":[{"embeddable":true,"href":"https:\/\/www.todoeldia.com\/index.php\/wp-json\/wp\/v2\/media\/108834"}],"wp:attachment":[{"href":"https:\/\/www.todoeldia.com\/index.php\/wp-json\/wp\/v2\/media?parent=109649"}],"wp:term":[{"taxonomy":"category","embeddable":true,"href":"https:\/\/www.todoeldia.com\/index.php\/wp-json\/wp\/v2\/categories?post=109649"},{"taxonomy":"post_tag","embeddable":true,"href":"https:\/\/www.todoeldia.com\/index.php\/wp-json\/wp\/v2\/tags?post=109649"}],"curies":[{"name":"wp","href":"https:\/\/api.w.org\/{rel}","templated":true}]}}