{"id":11065,"date":"2020-11-12T13:30:48","date_gmt":"2020-11-12T16:30:48","guid":{"rendered":"https:\/\/www.todoeldia.com\/?p=11065"},"modified":"2020-11-12T13:30:49","modified_gmt":"2020-11-12T16:30:49","slug":"oran-anuncian-la-llegada-de-un-aferesis-nuevo-para-plasma-y-el-funcionamiento-del-laboratorio-de-energia-molecular","status":"publish","type":"post","link":"https:\/\/www.todoeldia.com\/index.php\/2020\/11\/12\/oran-anuncian-la-llegada-de-un-aferesis-nuevo-para-plasma-y-el-funcionamiento-del-laboratorio-de-energia-molecular\/","title":{"rendered":"Or\u00e1n: anuncian la llegada de un af\u00e9resis nuevo para plasma y el funcionamiento del laboratorio de energ\u00eda molecular"},"content":{"rendered":"\n<p>El Ministro de Salud, Juan Jos\u00e9 Esteban, lleg\u00f3 al hospital de Or\u00e1n para poner en funcionamiento la m\u00e1quina de rayos x que recibi\u00f3 como donaci\u00f3n de la empresa Seabord. En la oportunidad habl\u00f3 sobre las problem\u00e1ticas pendientes de resolver en el nosocomio norte\u00f1o.<\/p>\n\n\n\n<p>Anticip\u00f3 a algunos medios radiales que en los pr\u00f3ximos d\u00edas llegar\u00e1 un af\u00e9resis nuevo para procesar plasma, poniendo fin a la pol\u00e9mica generada con la donaci\u00f3n del oranense Luis Pinola. Destac\u00f3 la inversi\u00f3n en el laboratorio de energ\u00eda molecular para poder realizar en tiempo real diagn\u00f3sticos de dengue, zika y coronavirus.<\/p>\n\n\n\n<p>\u201cPedimos un refuerzo presupuestario para destrabar el problema con los pacientes con di\u00e1lisis\u201d sostuvo sobre el reclamo de los prestadores ante la falta de pagos.<\/p>\n\n\n\n<p>Esteban dijo que hace tres d\u00edas incorporaron 126 empleados al nosocomio y ante la protesta de ATE que inform\u00f3 NORTE YA, indic\u00f3 que se controlar\u00e1 cada caso.<\/p>\n\n\n\n<p>Adem\u00e1s, sostuvo que las obras que se realizar\u00e1n en el en hospital San Vicente de Paul son muy importantes por la falta de inversi\u00f3n durante a\u00f1os.<\/p>\n","protected":false},"excerpt":{"rendered":"<p>El Ministro de Salud, Juan Jos\u00e9 Esteban, lleg\u00f3 al hospital de Or\u00e1n para poner en funcionamiento la m\u00e1quina de rayos x que recibi\u00f3 como donaci\u00f3n de la empresa Seabord. En la oportunidad habl\u00f3 sobre las problem\u00e1ticas pendientes de resolver en el nosocomio norte\u00f1o. Anticip\u00f3 a algunos medios radiales que en los pr\u00f3ximos d\u00edas llegar\u00e1 un [&hellip;]<\/p>\n","protected":false},"author":2,"featured_media":11067,"comment_status":"open","ping_status":"open","sticky":false,"template":"","format":"standard","meta":{"tdm_status":"","tdm_grid_status":"","_joinchat":[],"footnotes":""},"categories":[73],"tags":[],"class_list":{"0":"post-11065","1":"post","2":"type-post","3":"status-publish","4":"format-standard","5":"has-post-thumbnail","7":"category-noticias-general"},"amp_enabled":true,"_links":{"self":[{"href":"https:\/\/www.todoeldia.com\/index.php\/wp-json\/wp\/v2\/posts\/11065","targetHints":{"allow":["GET"]}}],"collection":[{"href":"https:\/\/www.todoeldia.com\/index.php\/wp-json\/wp\/v2\/posts"}],"about":[{"href":"https:\/\/www.todoeldia.com\/index.php\/wp-json\/wp\/v2\/types\/post"}],"author":[{"embeddable":true,"href":"https:\/\/www.todoeldia.com\/index.php\/wp-json\/wp\/v2\/users\/2"}],"replies":[{"embeddable":true,"href":"https:\/\/www.todoeldia.com\/index.php\/wp-json\/wp\/v2\/comments?post=11065"}],"version-history":[{"count":1,"href":"https:\/\/www.todoeldia.com\/index.php\/wp-json\/wp\/v2\/posts\/11065\/revisions"}],"predecessor-version":[{"id":11068,"href":"https:\/\/www.todoeldia.com\/index.php\/wp-json\/wp\/v2\/posts\/11065\/revisions\/11068"}],"wp:featuredmedia":[{"embeddable":true,"href":"https:\/\/www.todoeldia.com\/index.php\/wp-json\/wp\/v2\/media\/11067"}],"wp:attachment":[{"href":"https:\/\/www.todoeldia.com\/index.php\/wp-json\/wp\/v2\/media?parent=11065"}],"wp:term":[{"taxonomy":"category","embeddable":true,"href":"https:\/\/www.todoeldia.com\/index.php\/wp-json\/wp\/v2\/categories?post=11065"},{"taxonomy":"post_tag","embeddable":true,"href":"https:\/\/www.todoeldia.com\/index.php\/wp-json\/wp\/v2\/tags?post=11065"}],"curies":[{"name":"wp","href":"https:\/\/api.w.org\/{rel}","templated":true}]}}