{"id":11081,"date":"2020-11-12T14:03:13","date_gmt":"2020-11-12T17:03:13","guid":{"rendered":"https:\/\/www.todoeldia.com\/?p=11081"},"modified":"2020-11-12T14:03:14","modified_gmt":"2020-11-12T17:03:14","slug":"se-termina-el-ife-y-el-gobierno-apura-estrategias-para-contener-la-demanda-social-antes-de-diciembre","status":"publish","type":"post","link":"https:\/\/www.todoeldia.com\/index.php\/2020\/11\/12\/se-termina-el-ife-y-el-gobierno-apura-estrategias-para-contener-la-demanda-social-antes-de-diciembre\/","title":{"rendered":"Se termina el IFE y el Gobierno apura estrategias para contener la demanda social antes de diciembre"},"content":{"rendered":"\n<p>Buscar\u00e1n reemplazar el IFE&nbsp;por otras iniciativas de corte social. Tres de ellas ya se lanzaron y hay una cuarta en estudio. En la Rosada hay mucha preocupaci\u00f3n por un diciembre caliente.<\/p>\n\n\n\n<p>Luego de m\u00e1s de un mes de idas y vueltas, y en medio de los reclamos internos de organizaciones sociales, finalmente el Gobierno defini\u00f3 que no pagar\u00e1 la cuarta cuota del Ingreso Familiar de Emergencia (IFE), el bono que Alberto Fern\u00e1ndez lanz\u00f3 en marzo en plena cuarentena estricta y que lleg\u00f3 a casi 9 millones de personas a pesar de que la proyecci\u00f3n era que alcance apenas a 600 mil.&nbsp;<\/p>\n\n\n\n<p>El encargado de desestimar esa posibilidad fue el ministro de Econom\u00eda,\u00a0<strong>Mart\u00edn Guzm\u00e1n<\/strong>, que en declaraciones al canal C5N remarc\u00f3 el mi\u00e9rcoles por la noche que no habr\u00e1 un cuarto tramo del\u00a0IFE. &#8220;Hoy no es el momento de un IFE 4. Nos guardamos cierto grado de flexibilidad por si la pandemia vuelve a pegar la vuelta&#8221;, dijo.<\/p>\n\n\n\n<figure class=\"wp-block-image\"><img decoding=\"async\" src=\"https:\/\/px.cdn.bigbangnews.com\/bigbang\/082020\/1596640944334.webp?cw=1024&amp;ch=768&amp;extw=jpeg\" alt=\"Imagen\"\/><\/figure>\n\n\n\n<p>El ministro de Econom\u00eda nunca estuvo del todo de acuerdo en seguir manteniendo ese programa de asistencia y pregonaba, incluso luego del acuerdo con los bonistas en agosto, una forma diferente de asistencia que tenga menor impacto en las arcas fiscales.&nbsp;<\/p>\n\n\n\n<p>Por cada cuota&nbsp;del IFE el Estado debe desembolsar&nbsp;90 mil millones de pesos. Y si bien la recaudaci\u00f3n comenz\u00f3 a recuperarse, todav\u00eda est\u00e1 a la baja por el cese de la actividad. Esa cifra ser\u00eda alrededor de un tercio de lo que el Gobierno esperaba recaudar con el aporte solidario a las grandes fortunas, el impuesto por \u00fanica vez que deber\u00edan pagar las 9.289 personas m\u00e1s ricas del pa\u00eds.<\/p>\n\n\n\n<p>Ese proyecto, impulsado por M\u00e1ximo Kirchner y Carlos Heller en Diputados se mencion\u00f3 por primera vez el 5 de abril en una entrevista de&nbsp;<strong>Horacio Verbitsky<\/strong>&nbsp;a<strong>&nbsp;Alberto Fern\u00e1ndez<\/strong>, pero por ahora s\u00f3lo obtuvo dictamen de comisi\u00f3n en la C\u00e1mara Baja y desde el 25 de septiembre aguarda la ocasi\u00f3n para ser tratado.&nbsp;<\/p>\n\n\n\n<p>El IFE por hasta ahora demand\u00f3 $270.000 millones, en un contexto de emisi\u00f3n monetaria r\u00e9cord en todo el mundo. El Tesoro argentino&nbsp;no s\u00f3lo tuvo que solicitar&nbsp;al Banco Central de Brasil que le imprima billetes, sino que tambi\u00e9n necesit\u00f3&nbsp;que desde la Casa de Moneda y Timbre en Espa\u00f1a (la misma que asaltan los famosos delincuentes de La Casa de Papel) env\u00eden billetes para imprimir m\u00e1s pesos.<\/p>\n\n\n\n<p>\u201cHay actividades que fueron retomando. Hay un emprobrecimiento de la sociedad, por eso se va a seguir con algunas l\u00edneas, pero la idea es estar en donde m\u00e1s se lo necesita\u201d, desde el Gobierno ante la consulta de por qu\u00e9 no habr\u00e1 un cuarto IFE.<\/p>\n","protected":false},"excerpt":{"rendered":"<p>Buscar\u00e1n reemplazar el IFE&nbsp;por otras iniciativas de corte social. Tres de ellas ya se lanzaron y hay una cuarta en estudio. En la Rosada hay mucha preocupaci\u00f3n por un diciembre caliente. Luego de m\u00e1s de un mes de idas y vueltas, y en medio de los reclamos internos de organizaciones sociales, finalmente el Gobierno defini\u00f3 [&hellip;]<\/p>\n","protected":false},"author":2,"featured_media":11082,"comment_status":"open","ping_status":"open","sticky":false,"template":"","format":"standard","meta":{"tdm_status":"","tdm_grid_status":"","_joinchat":[],"footnotes":""},"categories":[60],"tags":[],"class_list":{"0":"post-11081","1":"post","2":"type-post","3":"status-publish","4":"format-standard","5":"has-post-thumbnail","7":"category-economia"},"amp_enabled":true,"_links":{"self":[{"href":"https:\/\/www.todoeldia.com\/index.php\/wp-json\/wp\/v2\/posts\/11081","targetHints":{"allow":["GET"]}}],"collection":[{"href":"https:\/\/www.todoeldia.com\/index.php\/wp-json\/wp\/v2\/posts"}],"about":[{"href":"https:\/\/www.todoeldia.com\/index.php\/wp-json\/wp\/v2\/types\/post"}],"author":[{"embeddable":true,"href":"https:\/\/www.todoeldia.com\/index.php\/wp-json\/wp\/v2\/users\/2"}],"replies":[{"embeddable":true,"href":"https:\/\/www.todoeldia.com\/index.php\/wp-json\/wp\/v2\/comments?post=11081"}],"version-history":[{"count":1,"href":"https:\/\/www.todoeldia.com\/index.php\/wp-json\/wp\/v2\/posts\/11081\/revisions"}],"predecessor-version":[{"id":11083,"href":"https:\/\/www.todoeldia.com\/index.php\/wp-json\/wp\/v2\/posts\/11081\/revisions\/11083"}],"wp:featuredmedia":[{"embeddable":true,"href":"https:\/\/www.todoeldia.com\/index.php\/wp-json\/wp\/v2\/media\/11082"}],"wp:attachment":[{"href":"https:\/\/www.todoeldia.com\/index.php\/wp-json\/wp\/v2\/media?parent=11081"}],"wp:term":[{"taxonomy":"category","embeddable":true,"href":"https:\/\/www.todoeldia.com\/index.php\/wp-json\/wp\/v2\/categories?post=11081"},{"taxonomy":"post_tag","embeddable":true,"href":"https:\/\/www.todoeldia.com\/index.php\/wp-json\/wp\/v2\/tags?post=11081"}],"curies":[{"name":"wp","href":"https:\/\/api.w.org\/{rel}","templated":true}]}}