{"id":11109,"date":"2020-11-12T19:42:58","date_gmt":"2020-11-12T22:42:58","guid":{"rendered":"https:\/\/www.todoeldia.com\/?p=11109"},"modified":"2020-11-12T19:42:58","modified_gmt":"2020-11-12T22:42:58","slug":"la-merced-la-llevo-enganada-a-un-baldio-para-apunalarla-y-luego-intento-suicidarse","status":"publish","type":"post","link":"https:\/\/www.todoeldia.com\/index.php\/2020\/11\/12\/la-merced-la-llevo-enganada-a-un-baldio-para-apunalarla-y-luego-intento-suicidarse\/","title":{"rendered":"La Merced: La llevo enga\u00f1ada a un bald\u00edo para apu\u00f1alarla y luego intent\u00f3 suicidarse"},"content":{"rendered":"\n<p>El hecho ocurri\u00f3 en un terreno bald\u00edo ubicado en pasaje Las Nieves y Humahuaca del barrio&nbsp;Las Flores de la localidad de La Merced.<\/p>\n\n\n\n<p>Un hombre lesiono gravemente a su pareja con un arma blanca y escap\u00f3, un vecino pudo observar lo que suced\u00eda y llam\u00f3 a la Polic\u00eda. La v\u00edctima fue trasladada al hospital San Bernardo en c\u00f3digo rojo.<\/p>\n\n\n\n<p>El acusado fue identificado y detenido tras intentar quitarse la vida al cortarse las venas por lo que fue derivado al hospital local.<\/p>\n\n\n\n<p>La audiencia de imputaci\u00f3n se concretar\u00e1 en las pr\u00f3ximas horas y la investigaci\u00f3n est\u00e1 a cargo del fiscal penal 3 de la Unidad de Graves Atentados contra las Personas en turno, Gustavo Torres Rubelt.<\/p>\n\n\n\n<p>Torres Rubelt indic\u00f3 que en las pr\u00f3ximas horas se proceder\u00e1 a realizar la audiencia de imputaci\u00f3n al detenido&nbsp;y que se dispuso el&nbsp;trabajo de la Divisi\u00f3n Homicidios y el Cuerpo de Investigaciones Fiscales&nbsp;para que realicen las tareas de rigor en procura de esclarecer lo sucedido.<\/p>\n","protected":false},"excerpt":{"rendered":"<p>El hecho ocurri\u00f3 en un terreno bald\u00edo ubicado en pasaje Las Nieves y Humahuaca del barrio&nbsp;Las Flores de la localidad de La Merced. Un hombre lesiono gravemente a su pareja con un arma blanca y escap\u00f3, un vecino pudo observar lo que suced\u00eda y llam\u00f3 a la Polic\u00eda. La v\u00edctima fue trasladada al hospital San [&hellip;]<\/p>\n","protected":false},"author":2,"featured_media":11110,"comment_status":"open","ping_status":"open","sticky":false,"template":"","format":"standard","meta":{"tdm_status":"","tdm_grid_status":"","_joinchat":[],"footnotes":""},"categories":[63],"tags":[],"class_list":{"0":"post-11109","1":"post","2":"type-post","3":"status-publish","4":"format-standard","5":"has-post-thumbnail","7":"category-policiales"},"amp_enabled":true,"_links":{"self":[{"href":"https:\/\/www.todoeldia.com\/index.php\/wp-json\/wp\/v2\/posts\/11109","targetHints":{"allow":["GET"]}}],"collection":[{"href":"https:\/\/www.todoeldia.com\/index.php\/wp-json\/wp\/v2\/posts"}],"about":[{"href":"https:\/\/www.todoeldia.com\/index.php\/wp-json\/wp\/v2\/types\/post"}],"author":[{"embeddable":true,"href":"https:\/\/www.todoeldia.com\/index.php\/wp-json\/wp\/v2\/users\/2"}],"replies":[{"embeddable":true,"href":"https:\/\/www.todoeldia.com\/index.php\/wp-json\/wp\/v2\/comments?post=11109"}],"version-history":[{"count":1,"href":"https:\/\/www.todoeldia.com\/index.php\/wp-json\/wp\/v2\/posts\/11109\/revisions"}],"predecessor-version":[{"id":11111,"href":"https:\/\/www.todoeldia.com\/index.php\/wp-json\/wp\/v2\/posts\/11109\/revisions\/11111"}],"wp:featuredmedia":[{"embeddable":true,"href":"https:\/\/www.todoeldia.com\/index.php\/wp-json\/wp\/v2\/media\/11110"}],"wp:attachment":[{"href":"https:\/\/www.todoeldia.com\/index.php\/wp-json\/wp\/v2\/media?parent=11109"}],"wp:term":[{"taxonomy":"category","embeddable":true,"href":"https:\/\/www.todoeldia.com\/index.php\/wp-json\/wp\/v2\/categories?post=11109"},{"taxonomy":"post_tag","embeddable":true,"href":"https:\/\/www.todoeldia.com\/index.php\/wp-json\/wp\/v2\/tags?post=11109"}],"curies":[{"name":"wp","href":"https:\/\/api.w.org\/{rel}","templated":true}]}}