{"id":11202,"date":"2020-11-13T20:30:52","date_gmt":"2020-11-13T23:30:52","guid":{"rendered":"https:\/\/www.todoeldia.com\/?p=11202"},"modified":"2020-11-13T20:30:53","modified_gmt":"2020-11-13T23:30:53","slug":"se-escapo-pequeno-el-nene-que-se-hizo-viral-por-filmarse-armado-en-tucuman","status":"publish","type":"post","link":"https:\/\/www.todoeldia.com\/index.php\/2020\/11\/13\/se-escapo-pequeno-el-nene-que-se-hizo-viral-por-filmarse-armado-en-tucuman\/","title":{"rendered":"Se escap\u00f3 \u201cPeque\u00f1o\u201d, el nene que se hizo viral por filmarse armado en Tucum\u00e1n"},"content":{"rendered":"\n<p>Hab\u00eda dado positivo en coronavirus. Creen que su pap\u00e1 lo ayud\u00f3 a fugarse del hogar donde se hab\u00eda internado.<\/p>\n\n\n\n<p>\u201cPeque\u00f1o\u201d, el chico de 13 a\u00f1os que se hizo viral por&nbsp;filmarse con varias armas amenazando con \u201cmatar a todos\u201d&nbsp;en un barrio de Tucum\u00e1n, se escap\u00f3 de un hogar de ni\u00f1os y creen que lo hizo con la ayuda de su padre.<\/p>\n\n\n\n<p>El nene se hab\u00eda internado por su propia voluntad en el&nbsp;Hogar General Belgrano&nbsp;para chicos en condiciones de vulnerabilidad el mi\u00e9rcoles, pero 24 horas despu\u00e9s desapareci\u00f3.<\/p>\n\n\n\n<p>La preocupaci\u00f3n es alta: el adolescente&nbsp;hab\u00eda dado positivo en coronavirus&nbsp;en el examen m\u00e9dico que le realizaron en su ingreso, donde iban a analizar su situaci\u00f3n para tratar de encontrarle una soluci\u00f3n.<\/p>\n\n\n\n<p>Seg\u00fan el diario&nbsp;<em>La Gaceta<\/em>, \u201cPeque\u00f1o\u201d pertenece a una banda que roba principalmente a taxistas, bautizada como \u201cLa Banda de la Panam\u00e1\u201d.<\/p>\n\n\n\n<p>&nbsp;\u201cSon peligrosos, son menores, salen a delinquir armados y saben que son inimputables. Varias veces se hicieron allanamientos, pero nunca se hallaron esas armas, por eso creemos que se las proporcionan personas adultas\u201d, detallaron fuentes policiales.<\/p>\n\n\n\n<p>El video viral<\/p>\n\n\n\n<p>En las im\u00e1genes que causaron una fuerte conmoci\u00f3n en Tucum\u00e1n, se ve al nene disparar dos veces al aire con un arma y desafiar a integrantes de una banda rival a ir a su barrio, Villa 9 de Julio.<\/p>\n\n\n\n<p>\u201cEy manga de giles, tengo dos cargadores de 30 tiros, los voy matar si llegan a venir para la Panam\u00e1\u201d, dice \u201cPeque\u00f1o\u201d en el clip. \u201cAs\u00ed como van a pechar se van a ir, no s\u00e9 si se van a ir vivos o no, pero los voy a matar a todos, ya vas a ver vos. Que est\u00e9n bien pillos\u201d, agreg\u00f3.<\/p>\n\n\n\n<p>Esas amenazas estar\u00edan destinadas a los integrantes de la banda de \u201cLos Toro\u201d, que se dedica a la venta de drogas.<\/p>\n\n\n\n<p>Tras la viralizaci\u00f3n del video, desde el Ministerio de Seguridad conducido por Claudio Maley ordenaron a la Polic\u00eda establecer el origen de esas im\u00e1genes y dar intervenci\u00f3n a la Justicia, seg\u00fan indic\u00f3 el diario\u00a0<em>Clar\u00edn<\/em>.<\/p>\n\n\n\n<figure class=\"wp-block-image size-large is-resized\"><img loading=\"lazy\" decoding=\"async\" src=\"https:\/\/www.todoeldia.com\/wp-content\/uploads\/2020\/11\/nene-internado-1024x683.jpg\" alt=\"\" class=\"wp-image-11203\" width=\"1069\" height=\"712\" srcset=\"https:\/\/www.todoeldia.com\/wp-content\/uploads\/2020\/11\/nene-internado-1024x683.jpg 1024w, https:\/\/www.todoeldia.com\/wp-content\/uploads\/2020\/11\/nene-internado-300x200.jpg 300w, https:\/\/www.todoeldia.com\/wp-content\/uploads\/2020\/11\/nene-internado-768x512.jpg 768w, https:\/\/www.todoeldia.com\/wp-content\/uploads\/2020\/11\/nene-internado-696x464.jpg 696w, https:\/\/www.todoeldia.com\/wp-content\/uploads\/2020\/11\/nene-internado-1068x712.jpg 1068w, https:\/\/www.todoeldia.com\/wp-content\/uploads\/2020\/11\/nene-internado-630x420.jpg 630w, https:\/\/www.todoeldia.com\/wp-content\/uploads\/2020\/11\/nene-internado.jpg 1440w\" sizes=\"auto, (max-width: 1069px) 100vw, 1069px\" \/><figcaption>El nene se hab\u00eda internado en el Hogar Belgrano.<\/figcaption><\/figure>\n\n\n\n<p>\u201cSoy vecino de esta familia, se instal\u00f3 hace un tiempo y empezaron los problemas. Ese chico est\u00e1 apa\u00f1ado por su padres. Nos cansamos de denunciar los tiros que se escuchan y los robos que cometen\u201d, declar\u00f3 un vecino. \u201cNo me sorprendi\u00f3 el video, ac\u00e1 en el barrio se los ve, son \u2018soldaditos\u2019 de bandas de ladrones o de narcos\u201d, agreg\u00f3 una vecina.<\/p>\n\n\n\n<p>Antes de judicializar e caso, en los tribunales tucumanos remarcaron que antes se deb\u00eda elaborar un informe general de la situaci\u00f3n de \u201cPeque\u00f1o\u201d y que de eso se deb\u00eda encargar la Direcci\u00f3n de Ni\u00f1ez, Adolescencia y Familia (Dinayf), para luego acceder a un juez de familia.<\/p>\n\n\n\n<p>La encargada de esa repartici\u00f3n, Mariana Cirelli, visit\u00f3 la casa de Peque\u00f1o y dijo que notaron \u201cque la figura de los padres est\u00e1 debilitada&#8221;: &#8220;La familia est\u00e1 en un contexto dif\u00edcil e incluso&nbsp;bajo amenazas de terceros. Por eso decidimos una medida excepcional, que fue llevarlo al hogar, en principio por un corto tiempo hasta que se aclarara su situaci\u00f3n\u201d.<\/p>\n\n\n\n<p>Tras el examen m\u00e9dico que dio positivo en coronavirus, las autoridades decidieron que el chico y su padre sean derivados a un hospital modular acondicionado para enfrentar el virus. Pero mientras esperaban la ambulancia, ambos desaparecieron. Las autoridades creen que en una moto que manejaba otro adolescente.<\/p>\n","protected":false},"excerpt":{"rendered":"<p>Hab\u00eda dado positivo en coronavirus. Creen que su pap\u00e1 lo ayud\u00f3 a fugarse del hogar donde se hab\u00eda internado. \u201cPeque\u00f1o\u201d, el chico de 13 a\u00f1os que se hizo viral por&nbsp;filmarse con varias armas amenazando con \u201cmatar a todos\u201d&nbsp;en un barrio de Tucum\u00e1n, se escap\u00f3 de un hogar de ni\u00f1os y creen que lo hizo con [&hellip;]<\/p>\n","protected":false},"author":2,"featured_media":11204,"comment_status":"open","ping_status":"open","sticky":false,"template":"","format":"standard","meta":{"tdm_status":"","tdm_grid_status":"","_joinchat":[],"footnotes":""},"categories":[73],"tags":[],"class_list":{"0":"post-11202","1":"post","2":"type-post","3":"status-publish","4":"format-standard","5":"has-post-thumbnail","7":"category-noticias-general"},"amp_enabled":true,"_links":{"self":[{"href":"https:\/\/www.todoeldia.com\/index.php\/wp-json\/wp\/v2\/posts\/11202","targetHints":{"allow":["GET"]}}],"collection":[{"href":"https:\/\/www.todoeldia.com\/index.php\/wp-json\/wp\/v2\/posts"}],"about":[{"href":"https:\/\/www.todoeldia.com\/index.php\/wp-json\/wp\/v2\/types\/post"}],"author":[{"embeddable":true,"href":"https:\/\/www.todoeldia.com\/index.php\/wp-json\/wp\/v2\/users\/2"}],"replies":[{"embeddable":true,"href":"https:\/\/www.todoeldia.com\/index.php\/wp-json\/wp\/v2\/comments?post=11202"}],"version-history":[{"count":1,"href":"https:\/\/www.todoeldia.com\/index.php\/wp-json\/wp\/v2\/posts\/11202\/revisions"}],"predecessor-version":[{"id":11205,"href":"https:\/\/www.todoeldia.com\/index.php\/wp-json\/wp\/v2\/posts\/11202\/revisions\/11205"}],"wp:featuredmedia":[{"embeddable":true,"href":"https:\/\/www.todoeldia.com\/index.php\/wp-json\/wp\/v2\/media\/11204"}],"wp:attachment":[{"href":"https:\/\/www.todoeldia.com\/index.php\/wp-json\/wp\/v2\/media?parent=11202"}],"wp:term":[{"taxonomy":"category","embeddable":true,"href":"https:\/\/www.todoeldia.com\/index.php\/wp-json\/wp\/v2\/categories?post=11202"},{"taxonomy":"post_tag","embeddable":true,"href":"https:\/\/www.todoeldia.com\/index.php\/wp-json\/wp\/v2\/tags?post=11202"}],"curies":[{"name":"wp","href":"https:\/\/api.w.org\/{rel}","templated":true}]}}