{"id":11336,"date":"2020-11-15T21:48:30","date_gmt":"2020-11-16T00:48:30","guid":{"rendered":"https:\/\/www.todoeldia.com\/?p=11336"},"modified":"2020-11-15T21:48:31","modified_gmt":"2020-11-16T00:48:31","slug":"coronavirus-en-la-argentina-quiros-confirmo-que-no-habra-vacunas-para-aplicar-antes-de-las-fiestas","status":"publish","type":"post","link":"https:\/\/www.todoeldia.com\/index.php\/2020\/11\/15\/coronavirus-en-la-argentina-quiros-confirmo-que-no-habra-vacunas-para-aplicar-antes-de-las-fiestas\/","title":{"rendered":"Coronavirus en la Argentina | Quir\u00f3s confirm\u00f3 que no habr\u00e1 vacunas \u201cpara aplicar\u201d antes de las fiestas"},"content":{"rendered":"\n<p>El ministro de Salud porte\u00f1o indic\u00f3 que existen 11 vacunas en fase 3, pero que no hay \u201ccortes t\u00e9cnicos\u201d que permitan evaluarlas. Pidi\u00f3 que se sigan tomando medidas de cuidado.<\/p>\n\n\n\n<p>El ministro de Salud porte\u00f1o, Fern\u00e1n Quir\u00f3s, dialog\u00f3 con Solo una vuelta m\u00e1s, por TN, y cont\u00f3 sobre el avance de las distintas vacunas en el mundo.<\/p>\n\n\n\n<p>El ministro de Salud de la Ciudad de Buenos Aires,&nbsp;Fern\u00e1n Quir\u00f3s, confirm\u00f3 este domingo que&nbsp;para las fiestas de fin de a\u00f1o la vacuna contra el coronavirus no estar\u00e1 \u201coperativa para aplicar&#8221;, pero que tal vez para ese entonces se pueda contar con \u201calg\u00fan corte t\u00e9cnico para evaluar\u201d.<\/p>\n\n\n\n<p>El ministro de Salud de la Ciudad de Buenos Aires,&nbsp;Fern\u00e1n Quir\u00f3s, confirm\u00f3 este domingo que&nbsp;para las fiestas de fin de a\u00f1o la vacuna contra el coronavirus no estar\u00e1 \u201coperativa para aplicar&#8221;, pero que tal vez para ese entonces se pueda contar con \u201calg\u00fan corte t\u00e9cnico para evaluar\u201d.<\/p>\n\n\n\n<p>\u201cEl peor escenario es una expectativa que no se cumpla&#8221;, se\u00f1al\u00f3 el ministro en<em>&nbsp;Solo una vuelta m\u00e1s<\/em>, por&nbsp;<em>TN<\/em>, tras aclarar que actualmente &#8220;ninguna vacuna ha hecho un corte interino como para evaluar\u201d y explicar que ese \u201cpunto intermedio, no es una aprobaci\u00f3n sino una aprobaci\u00f3n de emergencia\u201d.<\/p>\n\n\n\n<p>\u201cTodas las vacunas han ido cumpliendo una serie de procesos. Hay 11 vacunas que han pasado a fase 3 y de ellas hay algunas que est\u00e1n muy cerca de pasar a los que se llama un punto intermedio, que no es una aprobaci\u00f3n, sino una aprobaci\u00f3n de emergencia de la vacuna\u201d, detall\u00f3 Quir\u00f3s.<\/p>\n\n\n\n<p>Al respecto, el ministro adelant\u00f3 que \u201ctenemos varias vacunas cerca del punto intermedio, la primera la de&nbsp;Pfizer&nbsp;que abri\u00f3 la informaci\u00f3n y dijo \u2018llegu\u00e9 al punto intermedio\u2019 y la FDA, que es el organismo norteamericano (Administraci\u00f3n de Medicamentos y Alimentos de los Estados Unidos), est\u00e1 analizando si es verdad o tiene que seguir uno o dos meses m\u00e1s\u201d.<\/p>\n\n\n\n<p>En el mismo sentido detall\u00f3 que lo mismo anunci\u00f3 despu\u00e9s&nbsp;\u201cun grupo ruso que dijo que tambi\u00e9n alcanz\u00f3 un punto intermedio, informaci\u00f3n cient\u00edfica que no hemos podido ver tampoco\u201d.<\/p>\n\n\n\n<p>En cuanto a las confusiones que se generaron respecto del grado de efectividad de las distintas vacunas que se investigan en el mundo, Quir\u00f3s aclar\u00f3 que en ning\u00fan caso se cumplieron dos consignas necesarias: \u201cni se reclutaron 40.000 personas ni pasaron los dos a\u00f1os\u201d. Explic\u00f3 que, en cambio, \u201clo que se hace es un corte intermedio, suficientemente seguro para hablar sobre eficacia y seguridad\u201d.<\/p>\n\n\n\n<p>Por eso, se\u00f1al\u00f3 que es importante destacar que \u201cson vacunas que se van a aprobar por emergencia, porque no han cumplido toda la fase 3, a\u00fan ninguna\u201d.<\/p>\n","protected":false},"excerpt":{"rendered":"<p>El ministro de Salud porte\u00f1o indic\u00f3 que existen 11 vacunas en fase 3, pero que no hay \u201ccortes t\u00e9cnicos\u201d que permitan evaluarlas. Pidi\u00f3 que se sigan tomando medidas de cuidado. El ministro de Salud porte\u00f1o, Fern\u00e1n Quir\u00f3s, dialog\u00f3 con Solo una vuelta m\u00e1s, por TN, y cont\u00f3 sobre el avance de las distintas vacunas en [&hellip;]<\/p>\n","protected":false},"author":2,"featured_media":11337,"comment_status":"open","ping_status":"open","sticky":false,"template":"","format":"standard","meta":{"tdm_status":"","tdm_grid_status":"","_joinchat":[],"footnotes":""},"categories":[65],"tags":[],"class_list":{"0":"post-11336","1":"post","2":"type-post","3":"status-publish","4":"format-standard","5":"has-post-thumbnail","7":"category-coronavirus"},"amp_enabled":true,"_links":{"self":[{"href":"https:\/\/www.todoeldia.com\/index.php\/wp-json\/wp\/v2\/posts\/11336","targetHints":{"allow":["GET"]}}],"collection":[{"href":"https:\/\/www.todoeldia.com\/index.php\/wp-json\/wp\/v2\/posts"}],"about":[{"href":"https:\/\/www.todoeldia.com\/index.php\/wp-json\/wp\/v2\/types\/post"}],"author":[{"embeddable":true,"href":"https:\/\/www.todoeldia.com\/index.php\/wp-json\/wp\/v2\/users\/2"}],"replies":[{"embeddable":true,"href":"https:\/\/www.todoeldia.com\/index.php\/wp-json\/wp\/v2\/comments?post=11336"}],"version-history":[{"count":1,"href":"https:\/\/www.todoeldia.com\/index.php\/wp-json\/wp\/v2\/posts\/11336\/revisions"}],"predecessor-version":[{"id":11338,"href":"https:\/\/www.todoeldia.com\/index.php\/wp-json\/wp\/v2\/posts\/11336\/revisions\/11338"}],"wp:featuredmedia":[{"embeddable":true,"href":"https:\/\/www.todoeldia.com\/index.php\/wp-json\/wp\/v2\/media\/11337"}],"wp:attachment":[{"href":"https:\/\/www.todoeldia.com\/index.php\/wp-json\/wp\/v2\/media?parent=11336"}],"wp:term":[{"taxonomy":"category","embeddable":true,"href":"https:\/\/www.todoeldia.com\/index.php\/wp-json\/wp\/v2\/categories?post=11336"},{"taxonomy":"post_tag","embeddable":true,"href":"https:\/\/www.todoeldia.com\/index.php\/wp-json\/wp\/v2\/tags?post=11336"}],"curies":[{"name":"wp","href":"https:\/\/api.w.org\/{rel}","templated":true}]}}