{"id":11340,"date":"2020-11-16T09:51:53","date_gmt":"2020-11-16T12:51:53","guid":{"rendered":"https:\/\/www.todoeldia.com\/?p=11340"},"modified":"2020-11-16T09:51:54","modified_gmt":"2020-11-16T12:51:54","slug":"juana-viale-anuncio-cuando-podria-volver-mirtha-legrand-a-la-tv","status":"publish","type":"post","link":"https:\/\/www.todoeldia.com\/index.php\/2020\/11\/16\/juana-viale-anuncio-cuando-podria-volver-mirtha-legrand-a-la-tv\/","title":{"rendered":"Juana Viale anunci\u00f3 cu\u00e1ndo podr\u00eda volver Mirtha Legrand a la TV"},"content":{"rendered":"\n<p>La conductora dio a conocer la fecha estimada para el regreso triunfal de la diva de los almuerzos.<\/p>\n\n\n\n<p>La conductora anticip\u00f3 que intentar\u00e1n que la diva retome la conducci\u00f3n de sus programas antes de que termine el 2020.&nbsp;<\/p>\n\n\n\n<p>Mirtha Legrand&nbsp;se aisl\u00f3 en su departamento de la Avenida del Libertador d\u00edas antes de que Alberto Fern\u00e1ndez decretara la cuarentena por el coronavirus. Su lugar en los dos programas de&nbsp;eltrece&nbsp;fue ocupado por&nbsp;Juana Viale, su nieta, que ya lo hab\u00eda hecho en otras oportunidades.<\/p>\n\n\n\n<p>En julio, se rumoreaba que la Chiqui iba a volver a la pantalla chica. \u00c1ngel de Brito coment\u00f3 que la diva estaba pensando en la idea de regresar a la TV. Seg\u00fan detall\u00f3 el periodista, Nacho Viale quer\u00eda llevar una c\u00e1mara a la casa de su abuela para que eso sea posible. \u201cVa a armar un estudio de televisi\u00f3n en su casa\u201d, indic\u00f3 el conductor de&nbsp;Los \u00e1ngeles de la ma\u00f1ana.<\/p>\n\n\n\n<p>Sin embargo, Mirtha descart\u00f3 esa idea y advirti\u00f3 que, por el momento, seguir\u00e1 sin pantalla. \u201cNo s\u00e9 de d\u00f3nde sali\u00f3 esa versi\u00f3n.&nbsp;Es falso. \u00bfA qui\u00e9n se le ocurri\u00f3 esa locura? Es una locura\u201d, afirm\u00f3 la conductora en&nbsp;<a href=\"https:\/\/www.primiciasya.com\/primicias\/mirtha-legrand-desmiente-programa-casa-locura-zona-riesgo-quiero-exponerme-27072020_LFT648mQko\">una nota<\/a>&nbsp;con&nbsp;Primicias Ya.<\/p>\n\n\n\n<p>En di\u00e1logo con ese portal, la Chiqui afirm\u00f3 que continuar\u00e1 cumpliendo con el aislamiento preventivo. \u201cNo har\u00e9 televisi\u00f3n por ahora. Lo habl\u00e9 ayer con Adri\u00e1n Suar y con Pablo Codevilla. Estoy en el grupo de riesgo y&nbsp;no quiero exponerme. Esto es muy delicado, por ahora no har\u00e9 nada\u201d, sostuvo.<\/p>\n\n\n\n<p>Los meses pasaron y, al parecer,&nbsp;Nacho Viale habl\u00f3 con su abuela&nbsp;para que est\u00e9 nuevamente en pantalla pronto, seg\u00fan coment\u00f3 Juana Viale el domingo en&nbsp;Almorzando con Mirtha Legrand.<\/p>\n\n\n\n<p>Joaqu\u00edn Gal\u00e1n, que estuvo invitado al programa junto a su hermana, le pidi\u00f3 permiso a la conductora para saludar a la estrella de la TV. \u201cJuana, no me quiero olvidar de mandarle un beso a Mirtha\u201d, exclam\u00f3 el artista. \u201cS\u00ed, por favor,&nbsp;\u00a1y que vuelva!&#8221;, acot\u00f3 Luc\u00eda Gal\u00e1n.<\/p>\n\n\n\n<p>Juanita tom\u00f3 ese pedido y acot\u00f3: \u201cVa a volver. Vamos a anticipar algo, el tiempo se detuvo, as\u00ed que&nbsp;antes del 2021, fin del 2020,&nbsp;vamos a proponerle&nbsp;a la se\u00f1ora Mirtha Legrand que vuelva a su mesa.&nbsp;No podemos despedir el a\u00f1o sin ella\u201d.<\/p>\n","protected":false},"excerpt":{"rendered":"<p>La conductora dio a conocer la fecha estimada para el regreso triunfal de la diva de los almuerzos. La conductora anticip\u00f3 que intentar\u00e1n que la diva retome la conducci\u00f3n de sus programas antes de que termine el 2020.&nbsp; Mirtha Legrand&nbsp;se aisl\u00f3 en su departamento de la Avenida del Libertador d\u00edas antes de que Alberto Fern\u00e1ndez [&hellip;]<\/p>\n","protected":false},"author":2,"featured_media":11341,"comment_status":"open","ping_status":"open","sticky":false,"template":"","format":"standard","meta":{"tdm_status":"","tdm_grid_status":"","_joinchat":[],"footnotes":""},"categories":[120],"tags":[],"class_list":{"0":"post-11340","1":"post","2":"type-post","3":"status-publish","4":"format-standard","5":"has-post-thumbnail","7":"category-espectaculos-2"},"amp_enabled":true,"_links":{"self":[{"href":"https:\/\/www.todoeldia.com\/index.php\/wp-json\/wp\/v2\/posts\/11340","targetHints":{"allow":["GET"]}}],"collection":[{"href":"https:\/\/www.todoeldia.com\/index.php\/wp-json\/wp\/v2\/posts"}],"about":[{"href":"https:\/\/www.todoeldia.com\/index.php\/wp-json\/wp\/v2\/types\/post"}],"author":[{"embeddable":true,"href":"https:\/\/www.todoeldia.com\/index.php\/wp-json\/wp\/v2\/users\/2"}],"replies":[{"embeddable":true,"href":"https:\/\/www.todoeldia.com\/index.php\/wp-json\/wp\/v2\/comments?post=11340"}],"version-history":[{"count":1,"href":"https:\/\/www.todoeldia.com\/index.php\/wp-json\/wp\/v2\/posts\/11340\/revisions"}],"predecessor-version":[{"id":11342,"href":"https:\/\/www.todoeldia.com\/index.php\/wp-json\/wp\/v2\/posts\/11340\/revisions\/11342"}],"wp:featuredmedia":[{"embeddable":true,"href":"https:\/\/www.todoeldia.com\/index.php\/wp-json\/wp\/v2\/media\/11341"}],"wp:attachment":[{"href":"https:\/\/www.todoeldia.com\/index.php\/wp-json\/wp\/v2\/media?parent=11340"}],"wp:term":[{"taxonomy":"category","embeddable":true,"href":"https:\/\/www.todoeldia.com\/index.php\/wp-json\/wp\/v2\/categories?post=11340"},{"taxonomy":"post_tag","embeddable":true,"href":"https:\/\/www.todoeldia.com\/index.php\/wp-json\/wp\/v2\/tags?post=11340"}],"curies":[{"name":"wp","href":"https:\/\/api.w.org\/{rel}","templated":true}]}}