{"id":11350,"date":"2020-11-16T10:20:19","date_gmt":"2020-11-16T13:20:19","guid":{"rendered":"https:\/\/www.todoeldia.com\/?p=11350"},"modified":"2020-11-16T10:20:20","modified_gmt":"2020-11-16T13:20:20","slug":"ara-san-juan-un-ex-comandante-chileno-revelo-que-hallaron-el-submarino-a-dias-de-su-desaparicion","status":"publish","type":"post","link":"https:\/\/www.todoeldia.com\/index.php\/2020\/11\/16\/ara-san-juan-un-ex-comandante-chileno-revelo-que-hallaron-el-submarino-a-dias-de-su-desaparicion\/","title":{"rendered":"ARA San Juan: un ex comandante chileno revel\u00f3 que hallaron el submarino a d\u00edas de su desaparici\u00f3n"},"content":{"rendered":"\n<p>C\u00e9sar Miranda era comandante del buque Cabo de Hornos, de bandera chilena, que particip\u00f3 de las tareas de b\u00fasqueda y rescate. Coincide con la declaraci\u00f3n ante la Justicia de un contralmirante argentino.<\/p>\n\n\n\n<p>A tres a\u00f1os del hundimiento del submarino&nbsp;ARA San Juan, el ex comandante de uno de los buques chilenos que particip\u00f3 de la b\u00fasqueda,&nbsp;C\u00e9sar Miranda, afirm\u00f3 que hallaron el sitio donde se encontraba la nave apenas once d\u00edas despu\u00e9s del \u00faltimo contacto que hab\u00eda tenido con la Base Naval de Mar del Plata.<\/p>\n\n\n\n<p>La declaraci\u00f3n coincide con la que aport\u00f3 ante la Justicia el ex contralmirante de la Armada Argentina,&nbsp;Enrique L\u00f3pez Mazzeo, que afirm\u00f3 que el 5 de diciembre de 2017 tuvieron informaci\u00f3n del sitio exacto, aunque el gobierno de&nbsp;Mauricio Macri&nbsp;lo dio a conocer un a\u00f1o m\u00e1s tarde, el 16 de noviembre de 2018.<\/p>\n\n\n\n<p>Los dichos de Miranda podr\u00edan ser claves:&nbsp;se trata del ex comandante del buque de bandera chilena&nbsp;\u201cCabo de Hornos\u201d, que particip\u00f3 del operativo de b\u00fasqueda y rescate del ARA San Juan durante varias semanas, luego de que el submarino con&nbsp;44 tripulantes&nbsp;a bordo perdiera contacto con la base de Mar del Plata el 15 de noviembre.<\/p>\n\n\n\n<p>Ese d\u00eda el\u00a0ARA San Juan\u00a0sufri\u00f3 una falla t\u00e9cnica que habr\u00eda producido un incendio en la zona de bater\u00edas y que deriv\u00f3 en una explosi\u00f3n y el posterior hundimiento. La declaraci\u00f3n de Miranda se suma a la que aport\u00f3 ante la C\u00e1mara Federal de Apelaciones de Comodoro Rivadavia el ex contralmirante de la Armada\u00a0L\u00f3pez Mazzeo, uno de los seis procesados en la causa que investiga el hundimiento, a cargo de la jueza federal de Caleta OIivia, Marta Ya\u00f1ez.<\/p>\n\n\n\n<figure class=\"wp-block-image size-large\"><img loading=\"lazy\" decoding=\"async\" width=\"1024\" height=\"492\" src=\"https:\/\/www.todoeldia.com\/wp-content\/uploads\/2020\/11\/ara-san-juan-nave-britaniza-1024x492.jpg\" alt=\"\" class=\"wp-image-11352\" srcset=\"https:\/\/www.todoeldia.com\/wp-content\/uploads\/2020\/11\/ara-san-juan-nave-britaniza-1024x492.jpg 1024w, https:\/\/www.todoeldia.com\/wp-content\/uploads\/2020\/11\/ara-san-juan-nave-britaniza-300x144.jpg 300w, https:\/\/www.todoeldia.com\/wp-content\/uploads\/2020\/11\/ara-san-juan-nave-britaniza-768x369.jpg 768w, https:\/\/www.todoeldia.com\/wp-content\/uploads\/2020\/11\/ara-san-juan-nave-britaniza-696x334.jpg 696w, https:\/\/www.todoeldia.com\/wp-content\/uploads\/2020\/11\/ara-san-juan-nave-britaniza-1068x513.jpg 1068w, https:\/\/www.todoeldia.com\/wp-content\/uploads\/2020\/11\/ara-san-juan-nave-britaniza-874x420.jpg 874w, https:\/\/www.todoeldia.com\/wp-content\/uploads\/2020\/11\/ara-san-juan-nave-britaniza.jpg 1184w\" sizes=\"auto, (max-width: 1024px) 100vw, 1024px\" \/><\/figure>\n\n\n\n<p>\u201cNosotros, cuando tuve que firmar el mensaje m\u00e1s doloroso en toda mi carrera que fue el cierre del caso SAR (por b\u00fasqueda y rescate) ten\u00edamos detectada la posici\u00f3n del submarino y por eso lo hab\u00edamos coordinado con la Marina Brit\u00e1nica el 5 de diciembre de 2017 el pedido de un veh\u00edculo aut\u00f3nomo, porque sab\u00edamos que pod\u00eda estar \u00fanicamente en dos ca\u00f1adones, que era lo que no pod\u00edamos verificar con todos los medios internacionales requeridos\u201d, declar\u00f3&nbsp;L\u00f3pez Mazzeo. En ese sitio inform\u00f3 que se hallaba el submarino ARA San Juan el gobierno argentino, aunque un a\u00f1o m\u00e1s tarde, por lo que se sospecha que se ocult\u00f3 informaci\u00f3n clave.<\/p>\n\n\n\n<p>Miranda&nbsp;sostuvo en declaraciones al diario chileno El Mercurio que el 17 de noviembre de 2018 cuando el Gobierno de&nbsp;Macri&nbsp;anunci\u00f3 que la empresa norteamericana&nbsp;Ocean Infinity&nbsp;hab\u00eda ubicado al submarino hundido le \u201cllam\u00f3 la atenci\u00f3n\u201d. \u201cLa locaci\u00f3n que entreg\u00f3 era extremadamente cercana, por no decir la misma, que nosotros reportamos\u201d, revel\u00f3.<\/p>\n\n\n\n<p>En este sentido,&nbsp;Miranda&nbsp;se pregunt\u00f3: \u201c\u00bfQu\u00e9 razones motivaron a mantener esa informaci\u00f3n en&nbsp;<em>stand by<\/em>? Lo desconozco\u201d. \u201cEn su oportunidad cre\u00eda que podr\u00edamos haberlo encontrado, con el informe que emiti\u00f3 la empresa contratada por el gobierno argentino y divulgado por fuentes abiertas tengo la certeza\u201d, sostuvo.<\/p>\n\n\n\n<p>El buque&nbsp;\u201cCabo de Hornos\u201d&nbsp;que comandaba Miranda hab\u00eda recibido la tarea de rastrear \u00e1reas que estaban catalogadas como las m\u00e1s cercanas y probables a la ubicaci\u00f3n del ARA San Juan. El 26 y 27 de noviembre de 2017 \u2013 once y doce d\u00edas despu\u00e9s del \u00faltimo contacto \u2013 el sonar de pesca investigativa identific\u00f3 \u2018ecos met\u00e1licos\u2019, por lo que se utilizaron ecosondas de alta profundidad para hacer un mapeo del sector.<\/p>\n\n\n\n<p>Las se\u00f1ales que se hallaron, indic\u00f3 Miranda, coincid\u00edan con estructuras a 800 y 956 metros de profundidad marina y a una distancia muy cercana de donde se registr\u00f3 la \u00faltima comunicaci\u00f3n con el ARA San Juan.<\/p>\n","protected":false},"excerpt":{"rendered":"<p>C\u00e9sar Miranda era comandante del buque Cabo de Hornos, de bandera chilena, que particip\u00f3 de las tareas de b\u00fasqueda y rescate. Coincide con la declaraci\u00f3n ante la Justicia de un contralmirante argentino. A tres a\u00f1os del hundimiento del submarino&nbsp;ARA San Juan, el ex comandante de uno de los buques chilenos que particip\u00f3 de la b\u00fasqueda,&nbsp;C\u00e9sar [&hellip;]<\/p>\n","protected":false},"author":2,"featured_media":11351,"comment_status":"open","ping_status":"open","sticky":false,"template":"","format":"standard","meta":{"tdm_status":"","tdm_grid_status":"","_joinchat":[],"footnotes":""},"categories":[73],"tags":[],"class_list":{"0":"post-11350","1":"post","2":"type-post","3":"status-publish","4":"format-standard","5":"has-post-thumbnail","7":"category-noticias-general"},"amp_enabled":true,"_links":{"self":[{"href":"https:\/\/www.todoeldia.com\/index.php\/wp-json\/wp\/v2\/posts\/11350","targetHints":{"allow":["GET"]}}],"collection":[{"href":"https:\/\/www.todoeldia.com\/index.php\/wp-json\/wp\/v2\/posts"}],"about":[{"href":"https:\/\/www.todoeldia.com\/index.php\/wp-json\/wp\/v2\/types\/post"}],"author":[{"embeddable":true,"href":"https:\/\/www.todoeldia.com\/index.php\/wp-json\/wp\/v2\/users\/2"}],"replies":[{"embeddable":true,"href":"https:\/\/www.todoeldia.com\/index.php\/wp-json\/wp\/v2\/comments?post=11350"}],"version-history":[{"count":1,"href":"https:\/\/www.todoeldia.com\/index.php\/wp-json\/wp\/v2\/posts\/11350\/revisions"}],"predecessor-version":[{"id":11353,"href":"https:\/\/www.todoeldia.com\/index.php\/wp-json\/wp\/v2\/posts\/11350\/revisions\/11353"}],"wp:featuredmedia":[{"embeddable":true,"href":"https:\/\/www.todoeldia.com\/index.php\/wp-json\/wp\/v2\/media\/11351"}],"wp:attachment":[{"href":"https:\/\/www.todoeldia.com\/index.php\/wp-json\/wp\/v2\/media?parent=11350"}],"wp:term":[{"taxonomy":"category","embeddable":true,"href":"https:\/\/www.todoeldia.com\/index.php\/wp-json\/wp\/v2\/categories?post=11350"},{"taxonomy":"post_tag","embeddable":true,"href":"https:\/\/www.todoeldia.com\/index.php\/wp-json\/wp\/v2\/tags?post=11350"}],"curies":[{"name":"wp","href":"https:\/\/api.w.org\/{rel}","templated":true}]}}