{"id":11378,"date":"2020-11-16T12:22:05","date_gmt":"2020-11-16T15:22:05","guid":{"rendered":"https:\/\/www.todoeldia.com\/?p=11378"},"modified":"2020-11-16T12:22:06","modified_gmt":"2020-11-16T15:22:06","slug":"arranca-el-tren-que-era-para-tafi-viejo-y-sergio-massa-lo-trajo-a-salta","status":"publish","type":"post","link":"https:\/\/www.todoeldia.com\/index.php\/2020\/11\/16\/arranca-el-tren-que-era-para-tafi-viejo-y-sergio-massa-lo-trajo-a-salta\/","title":{"rendered":"Arranca el tren que era para Taf\u00ed Viejo y Sergio Massa lo trajo a Salta"},"content":{"rendered":"\n<p>Este lunes comienza a funcionar el tren entre Salta y General G\u00fcemes, con un boleto econ\u00f3mico de 16 pesos.<\/p>\n\n\n\n<p>Se trata de una formaci\u00f3n que hab\u00eda sido muchas veces anunciada para el recorrido entre San Miguel de Tucum\u00e1n y Taf\u00ed Viejo.<\/p>\n\n\n\n<p>Por gesti\u00f3n de&nbsp;Sergio Massa,&nbsp;presidente de la C\u00e1mara de Diputados de la Naci\u00f3n, la formaci\u00f3n fue llevada a la provincia de Salta.<\/p>\n\n\n\n<p>La formaci\u00f3n denominada \u201cAlerce\u201d posee dos coches, fue fabricada por el Grupo Emepa y tiene capacidad para transportar 240 pasajeros. Adem\u00e1s, posee puertas inteligentes, c\u00e1maras de seguridad y espacios adecuados para personas con movilidad reducida.<\/p>\n\n\n\n<p>Desde este lunes, se podr\u00e1 se podr\u00e1 viajar de lunes a s\u00e1bado en el tren.<\/p>\n\n\n\n<figure class=\"wp-block-image\"><img decoding=\"async\" src=\"https:\/\/www.contextotucuman.com\/\/uploads\/2020\/11\/16\/89216_ve.jpg\" alt=\"\"\/><\/figure>\n\n\n\n<p>El servicio contar\u00e1 con dos frecuencias diarias los d\u00edas h\u00e1biles y una los s\u00e1bados en ambos sentidos.<\/p>\n\n\n\n<p>Estar\u00e1 habilitado en esta primera instancia para personas que cumplan tareas esenciales con certificado habilitado para la circulaci\u00f3n.<\/p>\n\n\n\n<p>Los trenes desde Salta saldr\u00e1n de lunes a viernes a las 12:30 y 19:30 y los s\u00e1bados a las 12:30. Mientras que desde G\u00fcemes lo har\u00e1n a las 6:15 y 15:00 durante la semana y a las 6:15 los s\u00e1bados.<br>El costo del pasaje se mantendr\u00e1 en 16 pesos, el mismo valor que cuando se decret\u00f3 la cuarentena en marzo.<br>El tren se detendr\u00e1 en las tres estaciones del recorrido: Batalla de Salta, Betania y Campo Santo (El Bordo).<\/p>\n","protected":false},"excerpt":{"rendered":"<p>Este lunes comienza a funcionar el tren entre Salta y General G\u00fcemes, con un boleto econ\u00f3mico de 16 pesos. Se trata de una formaci\u00f3n que hab\u00eda sido muchas veces anunciada para el recorrido entre San Miguel de Tucum\u00e1n y Taf\u00ed Viejo. Por gesti\u00f3n de&nbsp;Sergio Massa,&nbsp;presidente de la C\u00e1mara de Diputados de la Naci\u00f3n, la formaci\u00f3n [&hellip;]<\/p>\n","protected":false},"author":2,"featured_media":11379,"comment_status":"open","ping_status":"open","sticky":false,"template":"","format":"standard","meta":{"tdm_status":"","tdm_grid_status":"","_joinchat":[],"footnotes":""},"categories":[69],"tags":[],"class_list":{"0":"post-11378","1":"post","2":"type-post","3":"status-publish","4":"format-standard","5":"has-post-thumbnail","7":"category-salta"},"amp_enabled":true,"_links":{"self":[{"href":"https:\/\/www.todoeldia.com\/index.php\/wp-json\/wp\/v2\/posts\/11378","targetHints":{"allow":["GET"]}}],"collection":[{"href":"https:\/\/www.todoeldia.com\/index.php\/wp-json\/wp\/v2\/posts"}],"about":[{"href":"https:\/\/www.todoeldia.com\/index.php\/wp-json\/wp\/v2\/types\/post"}],"author":[{"embeddable":true,"href":"https:\/\/www.todoeldia.com\/index.php\/wp-json\/wp\/v2\/users\/2"}],"replies":[{"embeddable":true,"href":"https:\/\/www.todoeldia.com\/index.php\/wp-json\/wp\/v2\/comments?post=11378"}],"version-history":[{"count":2,"href":"https:\/\/www.todoeldia.com\/index.php\/wp-json\/wp\/v2\/posts\/11378\/revisions"}],"predecessor-version":[{"id":11381,"href":"https:\/\/www.todoeldia.com\/index.php\/wp-json\/wp\/v2\/posts\/11378\/revisions\/11381"}],"wp:featuredmedia":[{"embeddable":true,"href":"https:\/\/www.todoeldia.com\/index.php\/wp-json\/wp\/v2\/media\/11379"}],"wp:attachment":[{"href":"https:\/\/www.todoeldia.com\/index.php\/wp-json\/wp\/v2\/media?parent=11378"}],"wp:term":[{"taxonomy":"category","embeddable":true,"href":"https:\/\/www.todoeldia.com\/index.php\/wp-json\/wp\/v2\/categories?post=11378"},{"taxonomy":"post_tag","embeddable":true,"href":"https:\/\/www.todoeldia.com\/index.php\/wp-json\/wp\/v2\/tags?post=11378"}],"curies":[{"name":"wp","href":"https:\/\/api.w.org\/{rel}","templated":true}]}}