{"id":11391,"date":"2020-11-16T13:25:33","date_gmt":"2020-11-16T16:25:33","guid":{"rendered":"https:\/\/www.todoeldia.com\/?p=11391"},"modified":"2020-11-16T13:25:33","modified_gmt":"2020-11-16T16:25:33","slug":"el-colegio-de-jesus-se-transformara-en-mixto-a-partir-del-ciclo-lectivo-2021","status":"publish","type":"post","link":"https:\/\/www.todoeldia.com\/index.php\/2020\/11\/16\/el-colegio-de-jesus-se-transformara-en-mixto-a-partir-del-ciclo-lectivo-2021\/","title":{"rendered":"El Colegio de Jes\u00fas se transformar\u00e1 en mixto a partir del ciclo lectivo 2021"},"content":{"rendered":"\n<p>A partir del ciclo lectivo 2021 el Colegio de Jes\u00fas abrir\u00e1 sus puertas a los varones y se transformar\u00e1 en mixto despu\u00e9s de 200 a\u00f1os.<\/p>\n\n\n\n<p>Mar\u00eda Rosa Ram\u00edrez, madre superiora del Colegio de Jes\u00fas inform\u00f3 que la instituci\u00f3n incorpora varones a partir del a\u00f1o pr\u00f3ximo y que ya hay inscriptos alumnos en los tres niveles, jard\u00edn, primario y secundario.<\/p>\n\n\n\n<p>Indic\u00f3 que \u201cdamos el paso que ven\u00edamos pensando ya desde hace tiempo y este a\u00f1o nos encontr\u00f3 con la pandemia y con un proyecto que vamos a llevar adelante con una muy buena respuesta de los inscriptos\u201d.<\/p>\n\n\n\n<p>Ram\u00edrez inform\u00f3 tambi\u00e9n que todav\u00eda hay vacantes y que se atiende en el Colegio de 9 a 12 de lunes a viernes.<\/p>\n","protected":false},"excerpt":{"rendered":"<p>A partir del ciclo lectivo 2021 el Colegio de Jes\u00fas abrir\u00e1 sus puertas a los varones y se transformar\u00e1 en mixto despu\u00e9s de 200 a\u00f1os. Mar\u00eda Rosa Ram\u00edrez, madre superiora del Colegio de Jes\u00fas inform\u00f3 que la instituci\u00f3n incorpora varones a partir del a\u00f1o pr\u00f3ximo y que ya hay inscriptos alumnos en los tres niveles, [&hellip;]<\/p>\n","protected":false},"author":2,"featured_media":11392,"comment_status":"open","ping_status":"open","sticky":false,"template":"","format":"standard","meta":{"tdm_status":"","tdm_grid_status":"","_joinchat":[],"footnotes":""},"categories":[61],"tags":[],"class_list":{"0":"post-11391","1":"post","2":"type-post","3":"status-publish","4":"format-standard","5":"has-post-thumbnail","7":"category-educacion"},"amp_enabled":true,"_links":{"self":[{"href":"https:\/\/www.todoeldia.com\/index.php\/wp-json\/wp\/v2\/posts\/11391","targetHints":{"allow":["GET"]}}],"collection":[{"href":"https:\/\/www.todoeldia.com\/index.php\/wp-json\/wp\/v2\/posts"}],"about":[{"href":"https:\/\/www.todoeldia.com\/index.php\/wp-json\/wp\/v2\/types\/post"}],"author":[{"embeddable":true,"href":"https:\/\/www.todoeldia.com\/index.php\/wp-json\/wp\/v2\/users\/2"}],"replies":[{"embeddable":true,"href":"https:\/\/www.todoeldia.com\/index.php\/wp-json\/wp\/v2\/comments?post=11391"}],"version-history":[{"count":1,"href":"https:\/\/www.todoeldia.com\/index.php\/wp-json\/wp\/v2\/posts\/11391\/revisions"}],"predecessor-version":[{"id":11393,"href":"https:\/\/www.todoeldia.com\/index.php\/wp-json\/wp\/v2\/posts\/11391\/revisions\/11393"}],"wp:featuredmedia":[{"embeddable":true,"href":"https:\/\/www.todoeldia.com\/index.php\/wp-json\/wp\/v2\/media\/11392"}],"wp:attachment":[{"href":"https:\/\/www.todoeldia.com\/index.php\/wp-json\/wp\/v2\/media?parent=11391"}],"wp:term":[{"taxonomy":"category","embeddable":true,"href":"https:\/\/www.todoeldia.com\/index.php\/wp-json\/wp\/v2\/categories?post=11391"},{"taxonomy":"post_tag","embeddable":true,"href":"https:\/\/www.todoeldia.com\/index.php\/wp-json\/wp\/v2\/tags?post=11391"}],"curies":[{"name":"wp","href":"https:\/\/api.w.org\/{rel}","templated":true}]}}