{"id":11414,"date":"2020-11-16T19:09:15","date_gmt":"2020-11-16T22:09:15","guid":{"rendered":"https:\/\/www.todoeldia.com\/?p=11414"},"modified":"2020-11-16T19:09:16","modified_gmt":"2020-11-16T22:09:16","slug":"luis-suarez-positivo-de-coronavirus","status":"publish","type":"post","link":"https:\/\/www.todoeldia.com\/index.php\/2020\/11\/16\/luis-suarez-positivo-de-coronavirus\/","title":{"rendered":"Luis Su\u00e1rez positivo de coronavirus"},"content":{"rendered":"\n<p>Tambi\u00e9n dieron di\u00f3 positivo el arquero Rodrigo Mu\u00f1oz y el funcionario Mat\u00edas Faral. Todos se encuentras aislados y en buen estado.<\/p>\n\n\n\n<p>En otro tuit oficial la AUF inform\u00f3 que\u00a0&#8220;el Cuerpo T\u00e9cnico de Uruguay convoc\u00f3 al futbolista Gast\u00f3n Olveira, quien se incorporar\u00e1 al plantel para el partido de ma\u00f1ana ante Brasil&#8221;. El arquero milita en\u00a0River\u00a0de\u00a0Montevideo.<\/p>\n\n\n\n<figure class=\"wp-block-image size-large is-resized\"><img loading=\"lazy\" decoding=\"async\" src=\"https:\/\/www.todoeldia.com\/wp-content\/uploads\/2020\/11\/twit-seleccion-uruguay.jpg\" alt=\"\" class=\"wp-image-11416\" width=\"1066\" height=\"603\"\/><\/figure>\n\n\n\n<p>&nbsp;Pero no solo la&nbsp;&#8220;celeste&#8221;&nbsp;del maestro&nbsp;Oscar Tab\u00e1rez&nbsp;pierde a&nbsp;Su\u00e1rez, sino que tambi\u00e9n el&nbsp;Atl\u00e9tico Madrid&nbsp;que dirige&nbsp;Diego &#8220;Cholo&#8221; Simeone, dado que el s\u00e1bado se enfrentar\u00e1 al&nbsp;Barcelona&nbsp;por la d\u00e9cima fecha de&nbsp;La Liga de Espa\u00f1a&nbsp;y el entrenador argentino no podr\u00e1 contar con su delantero estrella.<\/p>\n","protected":false},"excerpt":{"rendered":"<p>Tambi\u00e9n dieron di\u00f3 positivo el arquero Rodrigo Mu\u00f1oz y el funcionario Mat\u00edas Faral. Todos se encuentras aislados y en buen estado. En otro tuit oficial la AUF inform\u00f3 que\u00a0&#8220;el Cuerpo T\u00e9cnico de Uruguay convoc\u00f3 al futbolista Gast\u00f3n Olveira, quien se incorporar\u00e1 al plantel para el partido de ma\u00f1ana ante Brasil&#8221;. El arquero milita en\u00a0River\u00a0de\u00a0Montevideo. &nbsp;Pero [&hellip;]<\/p>\n","protected":false},"author":2,"featured_media":11415,"comment_status":"open","ping_status":"open","sticky":false,"template":"","format":"standard","meta":{"tdm_status":"","tdm_grid_status":"","_joinchat":[],"footnotes":""},"categories":[62],"tags":[],"class_list":{"0":"post-11414","1":"post","2":"type-post","3":"status-publish","4":"format-standard","5":"has-post-thumbnail","7":"category-deportes"},"amp_enabled":true,"_links":{"self":[{"href":"https:\/\/www.todoeldia.com\/index.php\/wp-json\/wp\/v2\/posts\/11414","targetHints":{"allow":["GET"]}}],"collection":[{"href":"https:\/\/www.todoeldia.com\/index.php\/wp-json\/wp\/v2\/posts"}],"about":[{"href":"https:\/\/www.todoeldia.com\/index.php\/wp-json\/wp\/v2\/types\/post"}],"author":[{"embeddable":true,"href":"https:\/\/www.todoeldia.com\/index.php\/wp-json\/wp\/v2\/users\/2"}],"replies":[{"embeddable":true,"href":"https:\/\/www.todoeldia.com\/index.php\/wp-json\/wp\/v2\/comments?post=11414"}],"version-history":[{"count":1,"href":"https:\/\/www.todoeldia.com\/index.php\/wp-json\/wp\/v2\/posts\/11414\/revisions"}],"predecessor-version":[{"id":11417,"href":"https:\/\/www.todoeldia.com\/index.php\/wp-json\/wp\/v2\/posts\/11414\/revisions\/11417"}],"wp:featuredmedia":[{"embeddable":true,"href":"https:\/\/www.todoeldia.com\/index.php\/wp-json\/wp\/v2\/media\/11415"}],"wp:attachment":[{"href":"https:\/\/www.todoeldia.com\/index.php\/wp-json\/wp\/v2\/media?parent=11414"}],"wp:term":[{"taxonomy":"category","embeddable":true,"href":"https:\/\/www.todoeldia.com\/index.php\/wp-json\/wp\/v2\/categories?post=11414"},{"taxonomy":"post_tag","embeddable":true,"href":"https:\/\/www.todoeldia.com\/index.php\/wp-json\/wp\/v2\/tags?post=11414"}],"curies":[{"name":"wp","href":"https:\/\/api.w.org\/{rel}","templated":true}]}}