{"id":11471,"date":"2020-11-17T10:10:04","date_gmt":"2020-11-17T13:10:04","guid":{"rendered":"https:\/\/www.todoeldia.com\/?p=11471"},"modified":"2020-11-17T10:10:05","modified_gmt":"2020-11-17T13:10:05","slug":"uruguay-comienzan-a-enviar-a-prision-a-los-que-violan-medidas-del-covid-19","status":"publish","type":"post","link":"https:\/\/www.todoeldia.com\/index.php\/2020\/11\/17\/uruguay-comienzan-a-enviar-a-prision-a-los-que-violan-medidas-del-covid-19\/","title":{"rendered":"Uruguay: comienzan a enviar a prisi\u00f3n a los que violan medidas del Covid-19"},"content":{"rendered":"\n<p>Dos hombres que violaron los protocolos sanitarios impuestos para combatir el Covid-19 en Uruguay, uno hab\u00eda llegado desde Argentina.<\/p>\n\n\n\n<p>El&nbsp;gobierno uruguayo fue muy claro al anunciar que las personas que no cumplan las normativas sanitarias en el combate al Covid-19, pod\u00edan podr\u00edan incurrir en delitos que son sancionados en el c\u00f3digo penal del pa\u00eds&nbsp;y ya la Fiscal\u00eda logr\u00f3 las primeras formalizaciones de infractores que ya est\u00e1n en prisi\u00f3n.<\/p>\n\n\n\n<p>&nbsp;La Justicia uruguaya envi\u00f3 este lunes a prisi\u00f3n por 12 meses a un joven de 21 a\u00f1os por organizar tres fiestas clandestinas en la zona de la costa del departamento de Canelones. Le tipific\u00f3 dos delitos de desacato a la pena de 12 meses de prisi\u00f3n.<\/p>\n\n\n\n<p>&nbsp;La fiscal del caso, Mirna Busich, explic\u00f3 a Telenoche que se le advirti\u00f3 en varias oportunidades al joven de su infracci\u00f3n, pero este hizo caso omiso a dichas advertencias.<\/p>\n\n\n\n<p>La \u00faltima de las fiestas organizadas por el detenido fue durante el \u00faltimo fin de semana en el balneario de Bello Horizonte, por lo que se procedi\u00f3 a abrir la investigaci\u00f3n que termin\u00f3 con su procesamiento y env\u00edo a la c\u00e1rcel.<\/p>\n\n\n\n<p>La Fiscal\u00eda General de la Naci\u00f3n dio a conocer este lunes que el fiscal de San Carlos, departamento de Maldonado, Jorge Vaz, imput\u00f3 a una persona que ingres\u00f3 desde Argentina a territorio uruguayo y no cumpli\u00f3 los protocolos sanitarios impuestos ante la pandemia.<\/p>\n\n\n\n<p>El detenido fue formalizado por el delito de desacato continuado al violar la cuarentena obligatoria de prevenci\u00f3n del COVID-19 y por violencia dom\u00e9stica. Se le impuso una medida cautelar de prisi\u00f3n preventiva por 60 d\u00edas mientras se contin\u00faa la investigaci\u00f3n.<\/p>\n","protected":false},"excerpt":{"rendered":"<p>Dos hombres que violaron los protocolos sanitarios impuestos para combatir el Covid-19 en Uruguay, uno hab\u00eda llegado desde Argentina. El&nbsp;gobierno uruguayo fue muy claro al anunciar que las personas que no cumplan las normativas sanitarias en el combate al Covid-19, pod\u00edan podr\u00edan incurrir en delitos que son sancionados en el c\u00f3digo penal del pa\u00eds&nbsp;y ya [&hellip;]<\/p>\n","protected":false},"author":2,"featured_media":11472,"comment_status":"open","ping_status":"open","sticky":false,"template":"","format":"standard","meta":{"tdm_status":"","tdm_grid_status":"","_joinchat":[],"footnotes":""},"categories":[73],"tags":[],"class_list":{"0":"post-11471","1":"post","2":"type-post","3":"status-publish","4":"format-standard","5":"has-post-thumbnail","7":"category-noticias-general"},"amp_enabled":true,"_links":{"self":[{"href":"https:\/\/www.todoeldia.com\/index.php\/wp-json\/wp\/v2\/posts\/11471","targetHints":{"allow":["GET"]}}],"collection":[{"href":"https:\/\/www.todoeldia.com\/index.php\/wp-json\/wp\/v2\/posts"}],"about":[{"href":"https:\/\/www.todoeldia.com\/index.php\/wp-json\/wp\/v2\/types\/post"}],"author":[{"embeddable":true,"href":"https:\/\/www.todoeldia.com\/index.php\/wp-json\/wp\/v2\/users\/2"}],"replies":[{"embeddable":true,"href":"https:\/\/www.todoeldia.com\/index.php\/wp-json\/wp\/v2\/comments?post=11471"}],"version-history":[{"count":1,"href":"https:\/\/www.todoeldia.com\/index.php\/wp-json\/wp\/v2\/posts\/11471\/revisions"}],"predecessor-version":[{"id":11473,"href":"https:\/\/www.todoeldia.com\/index.php\/wp-json\/wp\/v2\/posts\/11471\/revisions\/11473"}],"wp:featuredmedia":[{"embeddable":true,"href":"https:\/\/www.todoeldia.com\/index.php\/wp-json\/wp\/v2\/media\/11472"}],"wp:attachment":[{"href":"https:\/\/www.todoeldia.com\/index.php\/wp-json\/wp\/v2\/media?parent=11471"}],"wp:term":[{"taxonomy":"category","embeddable":true,"href":"https:\/\/www.todoeldia.com\/index.php\/wp-json\/wp\/v2\/categories?post=11471"},{"taxonomy":"post_tag","embeddable":true,"href":"https:\/\/www.todoeldia.com\/index.php\/wp-json\/wp\/v2\/tags?post=11471"}],"curies":[{"name":"wp","href":"https:\/\/api.w.org\/{rel}","templated":true}]}}