{"id":11485,"date":"2020-11-17T10:50:04","date_gmt":"2020-11-17T13:50:04","guid":{"rendered":"https:\/\/www.todoeldia.com\/?p=11485"},"modified":"2020-11-17T10:50:05","modified_gmt":"2020-11-17T13:50:05","slug":"fernando-baez-sosa-piden-elevar-la-causa-sobreseer-a-dos-rugbiers-y-los-imputados-solicitarian-juicio-por-jurado","status":"publish","type":"post","link":"https:\/\/www.todoeldia.com\/index.php\/2020\/11\/17\/fernando-baez-sosa-piden-elevar-la-causa-sobreseer-a-dos-rugbiers-y-los-imputados-solicitarian-juicio-por-jurado\/","title":{"rendered":"Fernando B\u00e1ez Sosa: piden elevar la causa, sobreseer a dos rugbiers y los imputados solicitar\u00edan juicio por jurado"},"content":{"rendered":"\n<p>La fiscal de caso cerr\u00f3 la instrucci\u00f3n, pidi\u00f3 la elevaci\u00f3n a juicio contra ocho de los detenidos por &#8220;homicidio doblemente agravado por alevos\u00eda y por el concurso premeditado de dos o m\u00e1s personas&#8221;.<\/p>\n\n\n\n<p>La fiscal que investiga el crimen de Fernando B\u00e1ez Sosa, el joven de 19 a\u00f1os asesinado a golpes a la salida de un boliche de la ciudad de Villa Gesell en enero pasado, pidi\u00f3 hoy que sean sometidos a juicio los ocho rugbiers detenidos por el hecho, y que los otros dos imputados que se encuentran en libertad sean sobrese\u00eddos.<\/p>\n\n\n\n<p>El pedido fue formulado por la fiscal Ver\u00f3nica Zamboni, titular de la Unidad Funcional de Instrucci\u00f3n 6 de Villa Gesell, ante el juez de Garant\u00edas, David Mancinelli, a un d\u00eda de que se cumplan diez meses del crimen y de que venciera el plazo para hacerlo.<\/p>\n\n\n\n<p>Zamboni solicit\u00f3 que los ocho rugbiers que cumplen prisi\u00f3n preventiva por el hecho en la alcaid\u00eda 3 del penal de Melchor Romero, en La Plata, sean juzgados por el delito de &#8220;homicidio doblemente agravado por alevos\u00eda y por el concurso premeditado de dos o m\u00e1s personas&#8221;, que contempla como pena la prisi\u00f3n perpetua.<\/p>\n\n\n\n<figure class=\"wp-block-image size-large\"><img loading=\"lazy\" decoding=\"async\" width=\"1024\" height=\"711\" src=\"https:\/\/www.todoeldia.com\/wp-content\/uploads\/2020\/11\/fernando-con-sus-padres-1024x711.jpg\" alt=\"\" class=\"wp-image-11487\" srcset=\"https:\/\/www.todoeldia.com\/wp-content\/uploads\/2020\/11\/fernando-con-sus-padres-1024x711.jpg 1024w, https:\/\/www.todoeldia.com\/wp-content\/uploads\/2020\/11\/fernando-con-sus-padres-300x208.jpg 300w, https:\/\/www.todoeldia.com\/wp-content\/uploads\/2020\/11\/fernando-con-sus-padres-768x533.jpg 768w, https:\/\/www.todoeldia.com\/wp-content\/uploads\/2020\/11\/fernando-con-sus-padres-218x150.jpg 218w, https:\/\/www.todoeldia.com\/wp-content\/uploads\/2020\/11\/fernando-con-sus-padres-696x483.jpg 696w, https:\/\/www.todoeldia.com\/wp-content\/uploads\/2020\/11\/fernando-con-sus-padres-1068x741.jpg 1068w, https:\/\/www.todoeldia.com\/wp-content\/uploads\/2020\/11\/fernando-con-sus-padres-605x420.jpg 605w, https:\/\/www.todoeldia.com\/wp-content\/uploads\/2020\/11\/fernando-con-sus-padres-100x70.jpg 100w, https:\/\/www.todoeldia.com\/wp-content\/uploads\/2020\/11\/fernando-con-sus-padres.jpg 1101w\" sizes=\"auto, (max-width: 1024px) 100vw, 1024px\" \/><figcaption>Fernando con sus padres<\/figcaption><\/figure>\n\n\n\n<p>Se trata de M\u00e1ximo Thomsen (20), Ciro Pertossi (20), Luciano Pertossi (19), Lucas Pertossi (21), Enzo Comelli (20), Mat\u00edas Benicelli (21), Blas Cinalli (19) y Ayrton Viollaz (21), a quienes Zamboni considera coautores del crimen del joven.<\/p>\n\n\n\n<p>En su requerimiento, la fiscal pidi\u00f3 adem\u00e1s que los dos rugbiers que se encuentran en libertad imputados como &#8220;part\u00edcipes necesarios&#8221;, Juan Pedro Guarino (19) y Alejo Milanesi (19), sean sobrese\u00eddos, por lo que ahora el juez deber\u00e1 dar vista a los abogados de la familia de Fernando, Fernando Burlando y Fabi\u00e1n Am\u00e9ndola.<\/p>\n\n\n\n<p>Luego, se dar\u00e1 vista a la defensa, a cargo de Hugo Tomei, que tendr\u00e1 15 d\u00edas para realizar eventuales planteos de sobreseimiento, cambio de calificaci\u00f3n o causa de justificaci\u00f3n, y a continuaci\u00f3n el juez tendr\u00e1 cinco d\u00edas para expedirse. Una fuente de la investigaci\u00f3n indic\u00f3 que la fiscal estableci\u00f3 que otro joven mencionado en la causa, identificado como Tom\u00e1s Colazzo, &#8220;no tuvo participaci\u00f3n en el hecho&#8221;.<\/p>\n\n\n\n<p>En caso de disponer la elevaci\u00f3n a juicio a partir de este requerimiento, el magistrado deber\u00e1 consultar a todos los imputados que vayan a juicio si desean hacerlo con un tribunal popular o mediante un juicio oral con tres jueces.<\/p>\n\n\n\n<p>En ese sentido, fuentes judiciales se\u00f1alaron que la intenci\u00f3n de la defensa es solicitar que el debate sea por jurados, tal como contempla la legislaci\u00f3n bonaerense para los delitos graves, con penas en expectativa mayores a los 15 a\u00f1os de prisi\u00f3n, como en este caso.<\/p>\n\n\n\n<figure class=\"wp-block-image size-large\"><img loading=\"lazy\" decoding=\"async\" width=\"1024\" height=\"896\" src=\"https:\/\/www.todoeldia.com\/wp-content\/uploads\/2020\/11\/juez-de-garantias-del-caso-fernando-1024x896.jpg\" alt=\"\" class=\"wp-image-11488\" srcset=\"https:\/\/www.todoeldia.com\/wp-content\/uploads\/2020\/11\/juez-de-garantias-del-caso-fernando-1024x896.jpg 1024w, https:\/\/www.todoeldia.com\/wp-content\/uploads\/2020\/11\/juez-de-garantias-del-caso-fernando-300x263.jpg 300w, https:\/\/www.todoeldia.com\/wp-content\/uploads\/2020\/11\/juez-de-garantias-del-caso-fernando-768x672.jpg 768w, https:\/\/www.todoeldia.com\/wp-content\/uploads\/2020\/11\/juez-de-garantias-del-caso-fernando-696x609.jpg 696w, https:\/\/www.todoeldia.com\/wp-content\/uploads\/2020\/11\/juez-de-garantias-del-caso-fernando-1068x935.jpg 1068w, https:\/\/www.todoeldia.com\/wp-content\/uploads\/2020\/11\/juez-de-garantias-del-caso-fernando-480x420.jpg 480w, https:\/\/www.todoeldia.com\/wp-content\/uploads\/2020\/11\/juez-de-garantias-del-caso-fernando.jpg 1200w\" sizes=\"auto, (max-width: 1024px) 100vw, 1024px\" \/><figcaption>Juez de Garant\u00edas,\u00a0<strong>David Mancinelli<\/strong><\/figcaption><\/figure>\n\n\n\n<p>El crimen de Fernando se produjo en la madrugada del 18 de enero \u00faltimo en pleno centro de Villa Gesell, frente al boliche Le Brique, donde el joven y dos de sus amigos fueron atacados.<\/p>\n\n\n\n<p>Fernando recibi\u00f3 golpes y patadas en la cabeza que le provocaron la muerte antes de que pudiera ser atendido por m\u00e9dicos, mientras que sus agresores huyeron del lugar.<\/p>\n\n\n\n<p>El episodio qued\u00f3 registrado en distintas c\u00e1maras de seguridad y en tel\u00e9fonos celulares de otras personas que se hallaban en la zona, por lo que los sospechosos fueron identificados y detenidos horas m\u00e1s tarde en la casa que alquilaban, a pocas cuadras del lugar del crimen.<\/p>\n","protected":false},"excerpt":{"rendered":"<p>La fiscal de caso cerr\u00f3 la instrucci\u00f3n, pidi\u00f3 la elevaci\u00f3n a juicio contra ocho de los detenidos por &#8220;homicidio doblemente agravado por alevos\u00eda y por el concurso premeditado de dos o m\u00e1s personas&#8221;. La fiscal que investiga el crimen de Fernando B\u00e1ez Sosa, el joven de 19 a\u00f1os asesinado a golpes a la salida de [&hellip;]<\/p>\n","protected":false},"author":2,"featured_media":11486,"comment_status":"open","ping_status":"open","sticky":false,"template":"","format":"standard","meta":{"tdm_status":"","tdm_grid_status":"","_joinchat":[],"footnotes":""},"categories":[73],"tags":[],"class_list":{"0":"post-11485","1":"post","2":"type-post","3":"status-publish","4":"format-standard","5":"has-post-thumbnail","7":"category-noticias-general"},"amp_enabled":true,"_links":{"self":[{"href":"https:\/\/www.todoeldia.com\/index.php\/wp-json\/wp\/v2\/posts\/11485","targetHints":{"allow":["GET"]}}],"collection":[{"href":"https:\/\/www.todoeldia.com\/index.php\/wp-json\/wp\/v2\/posts"}],"about":[{"href":"https:\/\/www.todoeldia.com\/index.php\/wp-json\/wp\/v2\/types\/post"}],"author":[{"embeddable":true,"href":"https:\/\/www.todoeldia.com\/index.php\/wp-json\/wp\/v2\/users\/2"}],"replies":[{"embeddable":true,"href":"https:\/\/www.todoeldia.com\/index.php\/wp-json\/wp\/v2\/comments?post=11485"}],"version-history":[{"count":1,"href":"https:\/\/www.todoeldia.com\/index.php\/wp-json\/wp\/v2\/posts\/11485\/revisions"}],"predecessor-version":[{"id":11489,"href":"https:\/\/www.todoeldia.com\/index.php\/wp-json\/wp\/v2\/posts\/11485\/revisions\/11489"}],"wp:featuredmedia":[{"embeddable":true,"href":"https:\/\/www.todoeldia.com\/index.php\/wp-json\/wp\/v2\/media\/11486"}],"wp:attachment":[{"href":"https:\/\/www.todoeldia.com\/index.php\/wp-json\/wp\/v2\/media?parent=11485"}],"wp:term":[{"taxonomy":"category","embeddable":true,"href":"https:\/\/www.todoeldia.com\/index.php\/wp-json\/wp\/v2\/categories?post=11485"},{"taxonomy":"post_tag","embeddable":true,"href":"https:\/\/www.todoeldia.com\/index.php\/wp-json\/wp\/v2\/tags?post=11485"}],"curies":[{"name":"wp","href":"https:\/\/api.w.org\/{rel}","templated":true}]}}