{"id":11490,"date":"2020-11-17T10:54:05","date_gmt":"2020-11-17T13:54:05","guid":{"rendered":"https:\/\/www.todoeldia.com\/?p=11490"},"modified":"2020-11-17T10:54:06","modified_gmt":"2020-11-17T13:54:06","slug":"este-viernes-el-autocine-municipal-proyectara-aladdin","status":"publish","type":"post","link":"https:\/\/www.todoeldia.com\/index.php\/2020\/11\/17\/este-viernes-el-autocine-municipal-proyectara-aladdin\/","title":{"rendered":"Este viernes el autocine municipal proyectar\u00e1 \u201cAladdin\u201d"},"content":{"rendered":"\n<p>Fue la pel\u00edcula m\u00e1s votada por el p\u00fablico a trav\u00e9s de las redes sociales. La funci\u00f3n ser\u00e1 a las 20 hs. en la playa de estacionamiento del Centro C\u00edvico Municipal.<\/p>\n\n\n\n<p>Una nueva funci\u00f3n de autocine tendr\u00e1 lugar el viernes 20 con la proyecci\u00f3n de la pel\u00edcula \u201cAladdin\u201d. El punto de encuentro ser\u00e1 a partir de las 20 en la playa de estacionamiento del Centro C\u00edvico Municipal, bajo estricto cumplimiento de las medidas de higiene y seguridad contempladas en los protocolos Covid-19.<\/p>\n\n\n\n<figure class=\"wp-block-image size-large\"><img loading=\"lazy\" decoding=\"async\" width=\"1024\" height=\"681\" src=\"https:\/\/www.todoeldia.com\/wp-content\/uploads\/2020\/11\/autocine-5.jpg\" alt=\"\" class=\"wp-image-11492\" srcset=\"https:\/\/www.todoeldia.com\/wp-content\/uploads\/2020\/11\/autocine-5.jpg 1024w, https:\/\/www.todoeldia.com\/wp-content\/uploads\/2020\/11\/autocine-5-300x200.jpg 300w, https:\/\/www.todoeldia.com\/wp-content\/uploads\/2020\/11\/autocine-5-768x511.jpg 768w, https:\/\/www.todoeldia.com\/wp-content\/uploads\/2020\/11\/autocine-5-696x463.jpg 696w, https:\/\/www.todoeldia.com\/wp-content\/uploads\/2020\/11\/autocine-5-632x420.jpg 632w\" sizes=\"auto, (max-width: 1024px) 100vw, 1024px\" \/><figcaption>????????????????????????????????????<\/figcaption><\/figure>\n\n\n\n<p>La pel\u00edcula \u201cAladdin\u201d result\u00f3 la m\u00e1s votada por los vecinos que expresaron sus deseos a trav\u00e9s de las redes sociales. El otro film que se pod\u00eda seleccionar era El rey le\u00f3n (2019).<\/p>\n\n\n\n<p>Adem\u00e1s de la proyecci\u00f3n de la pel\u00edcula, la Municipalidad exhibir\u00e1 en las pantallas gigantes los videoclips de M\u00fasicos Independientes Asociados de Salta (MIAS) y cortometrajes de la Asociaci\u00f3n de Realizadores Audiovisuales de Salta (ARAS).<\/p>\n\n\n\n<p>Es de recordar que los veh\u00edculos que ingresen lo har\u00e1n por orden de llegada por calle Lola Mora. Por protocolo, los ocupantes de autom\u00f3viles o camionetas deben tener como m\u00e1ximo cuatro personas por veh\u00edculo y utilizando tapabocas.<\/p>\n\n\n\n<figure class=\"wp-block-image size-large\"><img loading=\"lazy\" decoding=\"async\" width=\"1024\" height=\"681\" src=\"https:\/\/www.todoeldia.com\/wp-content\/uploads\/2020\/11\/autocine-6.jpg\" alt=\"\" class=\"wp-image-11493\" srcset=\"https:\/\/www.todoeldia.com\/wp-content\/uploads\/2020\/11\/autocine-6.jpg 1024w, https:\/\/www.todoeldia.com\/wp-content\/uploads\/2020\/11\/autocine-6-300x200.jpg 300w, https:\/\/www.todoeldia.com\/wp-content\/uploads\/2020\/11\/autocine-6-768x511.jpg 768w, https:\/\/www.todoeldia.com\/wp-content\/uploads\/2020\/11\/autocine-6-696x463.jpg 696w, https:\/\/www.todoeldia.com\/wp-content\/uploads\/2020\/11\/autocine-6-632x420.jpg 632w\" sizes=\"auto, (max-width: 1024px) 100vw, 1024px\" \/><figcaption>????????????????????????????????????<\/figcaption><\/figure>\n\n\n\n<p>Sobre la pel\u00edcula<\/p>\n\n\n\n<p>Aladdin (2019): pel\u00edcula musical de aventura y fantas\u00eda rom\u00e1ntica. Es una adaptaci\u00f3n en imagen real de la pel\u00edcula animada hom\u00f3nima de 1992 de Disney, la cual a su vez est\u00e1 basada en el cuento de hadas \u00e1rabe del mismo nombre de Las mil y una noches. Est\u00e1 protagonizada por Mena Massoud, Naomi Scott y Will Smith.<\/p>\n","protected":false},"excerpt":{"rendered":"<p>Fue la pel\u00edcula m\u00e1s votada por el p\u00fablico a trav\u00e9s de las redes sociales. La funci\u00f3n ser\u00e1 a las 20 hs. en la playa de estacionamiento del Centro C\u00edvico Municipal. Una nueva funci\u00f3n de autocine tendr\u00e1 lugar el viernes 20 con la proyecci\u00f3n de la pel\u00edcula \u201cAladdin\u201d. El punto de encuentro ser\u00e1 a partir de [&hellip;]<\/p>\n","protected":false},"author":2,"featured_media":11491,"comment_status":"open","ping_status":"open","sticky":false,"template":"","format":"standard","meta":{"tdm_status":"","tdm_grid_status":"","_joinchat":[],"footnotes":""},"categories":[69],"tags":[],"class_list":{"0":"post-11490","1":"post","2":"type-post","3":"status-publish","4":"format-standard","5":"has-post-thumbnail","7":"category-salta"},"amp_enabled":true,"_links":{"self":[{"href":"https:\/\/www.todoeldia.com\/index.php\/wp-json\/wp\/v2\/posts\/11490","targetHints":{"allow":["GET"]}}],"collection":[{"href":"https:\/\/www.todoeldia.com\/index.php\/wp-json\/wp\/v2\/posts"}],"about":[{"href":"https:\/\/www.todoeldia.com\/index.php\/wp-json\/wp\/v2\/types\/post"}],"author":[{"embeddable":true,"href":"https:\/\/www.todoeldia.com\/index.php\/wp-json\/wp\/v2\/users\/2"}],"replies":[{"embeddable":true,"href":"https:\/\/www.todoeldia.com\/index.php\/wp-json\/wp\/v2\/comments?post=11490"}],"version-history":[{"count":1,"href":"https:\/\/www.todoeldia.com\/index.php\/wp-json\/wp\/v2\/posts\/11490\/revisions"}],"predecessor-version":[{"id":11494,"href":"https:\/\/www.todoeldia.com\/index.php\/wp-json\/wp\/v2\/posts\/11490\/revisions\/11494"}],"wp:featuredmedia":[{"embeddable":true,"href":"https:\/\/www.todoeldia.com\/index.php\/wp-json\/wp\/v2\/media\/11491"}],"wp:attachment":[{"href":"https:\/\/www.todoeldia.com\/index.php\/wp-json\/wp\/v2\/media?parent=11490"}],"wp:term":[{"taxonomy":"category","embeddable":true,"href":"https:\/\/www.todoeldia.com\/index.php\/wp-json\/wp\/v2\/categories?post=11490"},{"taxonomy":"post_tag","embeddable":true,"href":"https:\/\/www.todoeldia.com\/index.php\/wp-json\/wp\/v2\/tags?post=11490"}],"curies":[{"name":"wp","href":"https:\/\/api.w.org\/{rel}","templated":true}]}}