{"id":11566,"date":"2020-11-18T09:10:20","date_gmt":"2020-11-18T12:10:20","guid":{"rendered":"https:\/\/www.todoeldia.com\/?p=11566"},"modified":"2020-11-18T10:50:35","modified_gmt":"2020-11-18T13:50:35","slug":"general-guemes-apunalo-a-otro-hombre-con-quien-mantenia-una-vieja-enemistad","status":"publish","type":"post","link":"https:\/\/www.todoeldia.com\/index.php\/2020\/11\/18\/general-guemes-apunalo-a-otro-hombre-con-quien-mantenia-una-vieja-enemistad\/","title":{"rendered":"General G\u00fcemes: apu\u00f1al\u00f3 y mat\u00f3 a otro hombre con quien manten\u00eda una vieja enemistad"},"content":{"rendered":"\n<p>El hecho se produjo el pasado domingo por la tarde en un predio conocido como de \u201cVialidad\u201d, en la ruta 34 e Islas Malvinas de la ciudad de General G\u00fcemes, donde tras una discusi\u00f3n, el acusado apu\u00f1al\u00f3 con un cuchillo a la v\u00edctima en la zona abdominal. Seg\u00fan testigos, manten\u00edan una enemistad. Lo trasladaron al hospital de esa ciudad donde fue internado quir\u00fargicamente por una herida en el abdomen. Pero ayer al mediod\u00eda falleci\u00f3. El deceso se produjo por un paro cardiorespiratorio, shock hipovolemico.<\/p>\n\n\n\n<p>El\u00a0fiscal penal 3 de la Unidad de Graves Atentados contra las Personas en turno, Gustavo Torres Rubelt,\u00a0imput\u00f3 a\u00a0Jos\u00e9 Adolfo Guti\u00e9rrez como autor de homicidio en perjuicio de Juan Ram\u00f3n Humacata.<\/p>\n\n\n\n<p>El pasado domingo por la tarde&nbsp;en un predio ubicado en calle Islas Malvinas y ruta nacional 34,&nbsp;Humacata result\u00f3 herido en la zona abdominal con un arma blanca por Guti\u00e9rrez tras una discusi\u00f3n.<\/p>\n\n\n\n<p>El acusado fue detenido y la v\u00edctima fue trasladada al hospital local.<\/p>\n\n\n\n<p>Testigos se\u00f1alaron que\u00a0ambos mantenian una enemistad y que ya se hab\u00edan dado hechos de violencia entre ellos.<\/p>\n\n\n\n<p><\/p>\n","protected":false},"excerpt":{"rendered":"<p>El hecho se produjo el pasado domingo por la tarde en un predio conocido como de \u201cVialidad\u201d, en la ruta 34 e Islas Malvinas de la ciudad de General G\u00fcemes, donde tras una discusi\u00f3n, el acusado apu\u00f1al\u00f3 con un cuchillo a la v\u00edctima en la zona abdominal. Seg\u00fan testigos, manten\u00edan una enemistad. Lo trasladaron al [&hellip;]<\/p>\n","protected":false},"author":2,"featured_media":11567,"comment_status":"open","ping_status":"open","sticky":false,"template":"","format":"standard","meta":{"tdm_status":"","tdm_grid_status":"","_joinchat":[],"footnotes":""},"categories":[63],"tags":[],"class_list":{"0":"post-11566","1":"post","2":"type-post","3":"status-publish","4":"format-standard","5":"has-post-thumbnail","7":"category-policiales"},"amp_enabled":true,"_links":{"self":[{"href":"https:\/\/www.todoeldia.com\/index.php\/wp-json\/wp\/v2\/posts\/11566","targetHints":{"allow":["GET"]}}],"collection":[{"href":"https:\/\/www.todoeldia.com\/index.php\/wp-json\/wp\/v2\/posts"}],"about":[{"href":"https:\/\/www.todoeldia.com\/index.php\/wp-json\/wp\/v2\/types\/post"}],"author":[{"embeddable":true,"href":"https:\/\/www.todoeldia.com\/index.php\/wp-json\/wp\/v2\/users\/2"}],"replies":[{"embeddable":true,"href":"https:\/\/www.todoeldia.com\/index.php\/wp-json\/wp\/v2\/comments?post=11566"}],"version-history":[{"count":2,"href":"https:\/\/www.todoeldia.com\/index.php\/wp-json\/wp\/v2\/posts\/11566\/revisions"}],"predecessor-version":[{"id":11590,"href":"https:\/\/www.todoeldia.com\/index.php\/wp-json\/wp\/v2\/posts\/11566\/revisions\/11590"}],"wp:featuredmedia":[{"embeddable":true,"href":"https:\/\/www.todoeldia.com\/index.php\/wp-json\/wp\/v2\/media\/11567"}],"wp:attachment":[{"href":"https:\/\/www.todoeldia.com\/index.php\/wp-json\/wp\/v2\/media?parent=11566"}],"wp:term":[{"taxonomy":"category","embeddable":true,"href":"https:\/\/www.todoeldia.com\/index.php\/wp-json\/wp\/v2\/categories?post=11566"},{"taxonomy":"post_tag","embeddable":true,"href":"https:\/\/www.todoeldia.com\/index.php\/wp-json\/wp\/v2\/tags?post=11566"}],"curies":[{"name":"wp","href":"https:\/\/api.w.org\/{rel}","templated":true}]}}