{"id":11569,"date":"2020-11-18T09:17:10","date_gmt":"2020-11-18T12:17:10","guid":{"rendered":"https:\/\/www.todoeldia.com\/?p=11569"},"modified":"2020-11-18T09:17:11","modified_gmt":"2020-11-18T12:17:11","slug":"colonia-santa-rosa-le-robo-el-celular-amenazandola-con-un-machete","status":"publish","type":"post","link":"https:\/\/www.todoeldia.com\/index.php\/2020\/11\/18\/colonia-santa-rosa-le-robo-el-celular-amenazandola-con-un-machete\/","title":{"rendered":"Colonia Santa Rosa: Le robo el celular amenaz\u00e1ndola con un machete"},"content":{"rendered":"\n<p>La&nbsp;fiscal penal de Pichanal, Mar\u00eda Sof\u00eda Fuentes,&nbsp;imputo a&nbsp;Juan Roberto Guerrero&nbsp;como autor del delito de&nbsp;robo agravado por el uso de arma&nbsp;y a&nbsp;Hugo Fernando Salas&nbsp;como autor del&nbsp;delito de encubrimiento.<\/p>\n\n\n\n<p>La&nbsp;denuncia fue radicada por la madre de la menor v\u00edctima, quien refiere que&nbsp;su hija fue interceptada por un hombre&nbsp;que fing\u00eda reparar una motocicleta y que&nbsp;le puso un machete en el cuello para que le entregara sus pertenencias.&nbsp;El delincuente&nbsp;se llev\u00f3 un tel\u00e9fono celular y huy\u00f3 del lugar en el rodado.<\/p>\n\n\n\n<p>Con datos aportados por testigos y la damnificada,&nbsp;se identific\u00f3 al delincuente, conocido como \u201cChino\u201d&nbsp;y se pudo saber que&nbsp;le entreg\u00f3 el tel\u00e9fono a un amigo para que lo empe\u00f1ara por ocho mil pesos a una mujer, quien, al tomar conocimiento de la situaci\u00f3n, hizo entrega voluntaria del aparato.<\/p>\n","protected":false},"excerpt":{"rendered":"<p>La&nbsp;fiscal penal de Pichanal, Mar\u00eda Sof\u00eda Fuentes,&nbsp;imputo a&nbsp;Juan Roberto Guerrero&nbsp;como autor del delito de&nbsp;robo agravado por el uso de arma&nbsp;y a&nbsp;Hugo Fernando Salas&nbsp;como autor del&nbsp;delito de encubrimiento. La&nbsp;denuncia fue radicada por la madre de la menor v\u00edctima, quien refiere que&nbsp;su hija fue interceptada por un hombre&nbsp;que fing\u00eda reparar una motocicleta y que&nbsp;le puso un machete [&hellip;]<\/p>\n","protected":false},"author":2,"featured_media":11572,"comment_status":"open","ping_status":"open","sticky":false,"template":"","format":"standard","meta":{"tdm_status":"","tdm_grid_status":"","_joinchat":[],"footnotes":""},"categories":[63],"tags":[],"class_list":{"0":"post-11569","1":"post","2":"type-post","3":"status-publish","4":"format-standard","5":"has-post-thumbnail","7":"category-policiales"},"amp_enabled":true,"_links":{"self":[{"href":"https:\/\/www.todoeldia.com\/index.php\/wp-json\/wp\/v2\/posts\/11569","targetHints":{"allow":["GET"]}}],"collection":[{"href":"https:\/\/www.todoeldia.com\/index.php\/wp-json\/wp\/v2\/posts"}],"about":[{"href":"https:\/\/www.todoeldia.com\/index.php\/wp-json\/wp\/v2\/types\/post"}],"author":[{"embeddable":true,"href":"https:\/\/www.todoeldia.com\/index.php\/wp-json\/wp\/v2\/users\/2"}],"replies":[{"embeddable":true,"href":"https:\/\/www.todoeldia.com\/index.php\/wp-json\/wp\/v2\/comments?post=11569"}],"version-history":[{"count":1,"href":"https:\/\/www.todoeldia.com\/index.php\/wp-json\/wp\/v2\/posts\/11569\/revisions"}],"predecessor-version":[{"id":11573,"href":"https:\/\/www.todoeldia.com\/index.php\/wp-json\/wp\/v2\/posts\/11569\/revisions\/11573"}],"wp:featuredmedia":[{"embeddable":true,"href":"https:\/\/www.todoeldia.com\/index.php\/wp-json\/wp\/v2\/media\/11572"}],"wp:attachment":[{"href":"https:\/\/www.todoeldia.com\/index.php\/wp-json\/wp\/v2\/media?parent=11569"}],"wp:term":[{"taxonomy":"category","embeddable":true,"href":"https:\/\/www.todoeldia.com\/index.php\/wp-json\/wp\/v2\/categories?post=11569"},{"taxonomy":"post_tag","embeddable":true,"href":"https:\/\/www.todoeldia.com\/index.php\/wp-json\/wp\/v2\/tags?post=11569"}],"curies":[{"name":"wp","href":"https:\/\/api.w.org\/{rel}","templated":true}]}}