{"id":11661,"date":"2020-11-18T20:22:50","date_gmt":"2020-11-18T23:22:50","guid":{"rendered":"https:\/\/www.todoeldia.com\/?p=11661"},"modified":"2020-11-18T20:22:51","modified_gmt":"2020-11-18T23:22:51","slug":"aguilar-la-gente-tiene-que-tomar-conciencia-estamos-en-pandemia-y-esto-no-ha-terminado","status":"publish","type":"post","link":"https:\/\/www.todoeldia.com\/index.php\/2020\/11\/18\/aguilar-la-gente-tiene-que-tomar-conciencia-estamos-en-pandemia-y-esto-no-ha-terminado\/","title":{"rendered":"Aguilar: \u201cLa gente tiene que tomar conciencia, estamos en pandemia y esto no ha terminado\u201d"},"content":{"rendered":"\n<p>El Presidente del COE se\u00f1al\u00f3 que la situaci\u00f3n epidemiol\u00f3gica es estable, pero se deben mantener las medidas de prevenci\u00f3n. Inform\u00f3 que el Gobierno trabaja ante la apertura del turismo regional y las fiestas de fin de a\u00f1o.<\/p>\n\n\n\n<p>El presidente El presidente del Comit\u00e9 Operativo de Emergencia,&nbsp;Francisco&nbsp;Aguilar&nbsp;hizo referencia a la situaci\u00f3n sanitaria y epidemiol\u00f3gica actual de la Provincia sobre el&nbsp;virus&nbsp;Sars-Cov2, a la posibilidad de que se produzca una ola de contagios, sobre c\u00f3mo est\u00e1 trabajando el Gobierno ante la apertura del&nbsp;turismo&nbsp;interno&nbsp;y regional que comienza en diciembre.<\/p>\n\n\n\n<p>Aguilar sostuvo que se contin\u00faa trabajando sin bajar la guardia porque \u201csabemos que esto es una calma que pas\u00f3 en todos lados, los casos bajan pero puede haber una nueva ola, como est\u00e1 ocurriendo en otras partes del mundo que es muy fuerte, se produjeron casos nuevos que pr\u00e1cticamente han puesto en jaque los sistemas de salud de Europa; hay ciudades que han tenido de 30.000 a 50.000 casos por d\u00eda, lo cual es una cosa muy preocupante y que puede repetirse en Sudam\u00e9rica\u201d.<\/p>\n\n\n\n<p>Sobre la posibilidad de que en Salta se lleven a cabo las tradicionales carpas, corsos o festivales de verano, el funcionario hizo hincapi\u00e9 que a\u00fan falta un poco m\u00e1s para decidir eso. \u201cNosotros queremos ver c\u00f3mo estamos en diciembre, revisamos las curvas epidemiol\u00f3gicas todos los d\u00edas. Creo que tenemos que empezar a hablar m\u00e1s sobre el turismo nacional, que es movilizaci\u00f3n de gente de otras provincias, que eso se viene en diciembre, tenemos que empezar a hablar de las fiestas. Para el carnaval, corsos y dem\u00e1s falta un poco, todav\u00eda no est\u00e1n en agenda porque tenemos otros problemas que van a llegar antes\u201d.<\/p>\n\n\n\n<p>Aguilar remarc\u00f3 que no es el turismo el problema, sino que \u201ctoda la gente, incluso el turista que se mueve por Salta tiene que tomar conciencia de que estamos en pandemia y que esto claramente no ha terminado\u201d.<\/p>\n\n\n\n<p>\u201cEl personal m\u00e9dico fue el gran cuello de botella de esta pandemia en el mundo, es algo que no es f\u00e1cil de conseguir de un d\u00eda para el otro. Un m\u00e9dico o enfermero de terapia requieren a\u00f1os de capacitaci\u00f3n\u201d.<\/p>\n\n\n\n<p>Turismo interno<\/p>\n\n\n\n<p>Sobre el turismo, indic\u00f3 que con todos los controles que existen y sobre todo con la responsabilidad del turista no debiera traer problemas porque se trata del mismo salte\u00f1o que se mueve por la provincia, que \u201cel ciudadano est\u00e9 en&nbsp;Cachi,&nbsp;Cafayate, debiera ser m\u00e1s o menos lo mismo, desde el punto de vista epidemiol\u00f3gico no aumenta el riesgo. Si los hospedajes y restaurantes cumplen los protocolos correctos debiera ser lo mismo que est\u00e9 en un restaurante en Salta o Cafayate.<\/p>\n\n\n\n<p>Situaci\u00f3n&nbsp;sanitaria&nbsp;de&nbsp;Cafayate<\/p>\n\n\n\n<p>El m\u00e9dico inform\u00f3 que es una zona que est\u00e1n vigilando atentamente porque \u201caparentemente ayer o antes de ayer hubo casos nuevos de&nbsp;COVID-19&nbsp;que pusieron en alerta al sistema de salud.&nbsp; El hospital de Cafayate est\u00e1 muy bien preparado, yo lo visit\u00e9 hace unas semanas atr\u00e1s. Es un hospital con mucha complejidad y muy bien organizado, pero que tiene la posibilidad, que si se llegara a saturar, poder derivar pacientes a Salta Capital, que est\u00e1 con muchas camas disponibles, por la que la asistencia a la poblaci\u00f3n est\u00e1 asegurada\u201d, inform\u00f3.<\/p>\n","protected":false},"excerpt":{"rendered":"<p>El Presidente del COE se\u00f1al\u00f3 que la situaci\u00f3n epidemiol\u00f3gica es estable, pero se deben mantener las medidas de prevenci\u00f3n. Inform\u00f3 que el Gobierno trabaja ante la apertura del turismo regional y las fiestas de fin de a\u00f1o. El presidente El presidente del Comit\u00e9 Operativo de Emergencia,&nbsp;Francisco&nbsp;Aguilar&nbsp;hizo referencia a la situaci\u00f3n sanitaria y epidemiol\u00f3gica actual de [&hellip;]<\/p>\n","protected":false},"author":2,"featured_media":11662,"comment_status":"open","ping_status":"open","sticky":false,"template":"","format":"standard","meta":{"tdm_status":"","tdm_grid_status":"","_joinchat":[],"footnotes":""},"categories":[65],"tags":[],"class_list":{"0":"post-11661","1":"post","2":"type-post","3":"status-publish","4":"format-standard","5":"has-post-thumbnail","7":"category-coronavirus"},"amp_enabled":true,"_links":{"self":[{"href":"https:\/\/www.todoeldia.com\/index.php\/wp-json\/wp\/v2\/posts\/11661","targetHints":{"allow":["GET"]}}],"collection":[{"href":"https:\/\/www.todoeldia.com\/index.php\/wp-json\/wp\/v2\/posts"}],"about":[{"href":"https:\/\/www.todoeldia.com\/index.php\/wp-json\/wp\/v2\/types\/post"}],"author":[{"embeddable":true,"href":"https:\/\/www.todoeldia.com\/index.php\/wp-json\/wp\/v2\/users\/2"}],"replies":[{"embeddable":true,"href":"https:\/\/www.todoeldia.com\/index.php\/wp-json\/wp\/v2\/comments?post=11661"}],"version-history":[{"count":1,"href":"https:\/\/www.todoeldia.com\/index.php\/wp-json\/wp\/v2\/posts\/11661\/revisions"}],"predecessor-version":[{"id":11663,"href":"https:\/\/www.todoeldia.com\/index.php\/wp-json\/wp\/v2\/posts\/11661\/revisions\/11663"}],"wp:featuredmedia":[{"embeddable":true,"href":"https:\/\/www.todoeldia.com\/index.php\/wp-json\/wp\/v2\/media\/11662"}],"wp:attachment":[{"href":"https:\/\/www.todoeldia.com\/index.php\/wp-json\/wp\/v2\/media?parent=11661"}],"wp:term":[{"taxonomy":"category","embeddable":true,"href":"https:\/\/www.todoeldia.com\/index.php\/wp-json\/wp\/v2\/categories?post=11661"},{"taxonomy":"post_tag","embeddable":true,"href":"https:\/\/www.todoeldia.com\/index.php\/wp-json\/wp\/v2\/tags?post=11661"}],"curies":[{"name":"wp","href":"https:\/\/api.w.org\/{rel}","templated":true}]}}