{"id":11664,"date":"2020-11-18T20:36:25","date_gmt":"2020-11-18T23:36:25","guid":{"rendered":"https:\/\/www.todoeldia.com\/?p=11664"},"modified":"2020-11-18T20:36:26","modified_gmt":"2020-11-18T23:36:26","slug":"todo-bien-en-general-mosconi","status":"publish","type":"post","link":"https:\/\/www.todoeldia.com\/index.php\/2020\/11\/18\/todo-bien-en-general-mosconi\/","title":{"rendered":"Todo bien en General Mosconi"},"content":{"rendered":"\n<p>Fue aprobada la auditor\u00eda realizada en la Municipalidad de General Mosconi en el periodo comprendido entre 2018 y el 30 de junio de 2019.<\/p>\n\n\n\n<figure class=\"wp-block-image size-large\"><img loading=\"lazy\" decoding=\"async\" width=\"768\" height=\"1024\" src=\"https:\/\/www.todoeldia.com\/wp-content\/uploads\/2020\/11\/nota-de-la-auditoria-a-Mosconi-768x1024.jpg\" alt=\"\" class=\"wp-image-11666\" srcset=\"https:\/\/www.todoeldia.com\/wp-content\/uploads\/2020\/11\/nota-de-la-auditoria-a-Mosconi-768x1024.jpg 768w, https:\/\/www.todoeldia.com\/wp-content\/uploads\/2020\/11\/nota-de-la-auditoria-a-Mosconi-225x300.jpg 225w, https:\/\/www.todoeldia.com\/wp-content\/uploads\/2020\/11\/nota-de-la-auditoria-a-Mosconi-300x400.jpg 300w, https:\/\/www.todoeldia.com\/wp-content\/uploads\/2020\/11\/nota-de-la-auditoria-a-Mosconi-696x928.jpg 696w, https:\/\/www.todoeldia.com\/wp-content\/uploads\/2020\/11\/nota-de-la-auditoria-a-Mosconi-315x420.jpg 315w, https:\/\/www.todoeldia.com\/wp-content\/uploads\/2020\/11\/nota-de-la-auditoria-a-Mosconi.jpg 774w\" sizes=\"auto, (max-width: 768px) 100vw, 768px\" \/><\/figure>\n\n\n\n<p>As\u00ed se lo hizo saber la Auditoria General de la Provincia a trav\u00e9s de una nota dirigida al jefe comunal y firmada por el auditor Ram\u00f3n Muratore.<\/p>\n","protected":false},"excerpt":{"rendered":"<p>Fue aprobada la auditor\u00eda realizada en la Municipalidad de General Mosconi en el periodo comprendido entre 2018 y el 30 de junio de 2019. As\u00ed se lo hizo saber la Auditoria General de la Provincia a trav\u00e9s de una nota dirigida al jefe comunal y firmada por el auditor Ram\u00f3n Muratore.<\/p>\n","protected":false},"author":2,"featured_media":11665,"comment_status":"open","ping_status":"open","sticky":false,"template":"","format":"standard","meta":{"tdm_status":"","tdm_grid_status":"","_joinchat":[],"footnotes":""},"categories":[69],"tags":[],"class_list":{"0":"post-11664","1":"post","2":"type-post","3":"status-publish","4":"format-standard","5":"has-post-thumbnail","7":"category-salta"},"amp_enabled":true,"_links":{"self":[{"href":"https:\/\/www.todoeldia.com\/index.php\/wp-json\/wp\/v2\/posts\/11664","targetHints":{"allow":["GET"]}}],"collection":[{"href":"https:\/\/www.todoeldia.com\/index.php\/wp-json\/wp\/v2\/posts"}],"about":[{"href":"https:\/\/www.todoeldia.com\/index.php\/wp-json\/wp\/v2\/types\/post"}],"author":[{"embeddable":true,"href":"https:\/\/www.todoeldia.com\/index.php\/wp-json\/wp\/v2\/users\/2"}],"replies":[{"embeddable":true,"href":"https:\/\/www.todoeldia.com\/index.php\/wp-json\/wp\/v2\/comments?post=11664"}],"version-history":[{"count":1,"href":"https:\/\/www.todoeldia.com\/index.php\/wp-json\/wp\/v2\/posts\/11664\/revisions"}],"predecessor-version":[{"id":11667,"href":"https:\/\/www.todoeldia.com\/index.php\/wp-json\/wp\/v2\/posts\/11664\/revisions\/11667"}],"wp:featuredmedia":[{"embeddable":true,"href":"https:\/\/www.todoeldia.com\/index.php\/wp-json\/wp\/v2\/media\/11665"}],"wp:attachment":[{"href":"https:\/\/www.todoeldia.com\/index.php\/wp-json\/wp\/v2\/media?parent=11664"}],"wp:term":[{"taxonomy":"category","embeddable":true,"href":"https:\/\/www.todoeldia.com\/index.php\/wp-json\/wp\/v2\/categories?post=11664"},{"taxonomy":"post_tag","embeddable":true,"href":"https:\/\/www.todoeldia.com\/index.php\/wp-json\/wp\/v2\/tags?post=11664"}],"curies":[{"name":"wp","href":"https:\/\/api.w.org\/{rel}","templated":true}]}}