{"id":11712,"date":"2020-11-19T14:57:58","date_gmt":"2020-11-19T17:57:58","guid":{"rendered":"https:\/\/www.todoeldia.com\/?p=11712"},"modified":"2020-11-19T14:57:59","modified_gmt":"2020-11-19T17:57:59","slug":"ministros-del-gobierno-provincial-se-reuniran-con-aborigenes-de-la-marcha-historica-en-san-martin","status":"publish","type":"post","link":"https:\/\/www.todoeldia.com\/index.php\/2020\/11\/19\/ministros-del-gobierno-provincial-se-reuniran-con-aborigenes-de-la-marcha-historica-en-san-martin\/","title":{"rendered":"Ministros del Gobierno Provincial se reunir\u00e1n con abor\u00edgenes de la \u201cmarcha hist\u00f3rica\u201d en San Mart\u00edn"},"content":{"rendered":"\n<p>Ministros del Gobierno de la Provincia viajaron hoy al departamento San Mart\u00edn para reunirse este jueves con caciques de comunidades abor\u00edgenes que vienen marchando desde Santa Victoria en reclamo de leyes y pol\u00edticas que los beneficien e incluyan.<\/p>\n\n\n\n<p>El hambre y la desnutrici\u00f3n m\u00e1s la falta de obras y atenci\u00f3n a la problem\u00e1tica de los pueblos originarios derivaron en una gran marcha a pie que pretende recorrer 500 kil\u00f3metros para llegar al Grand Bourg y pedir hablar con Gustavo Saenz.<\/p>\n\n\n\n<p>Con el fin de evitar el arribo a Salta de la marcha, el gobernador envi\u00f3 a los Ministros de Gobierno y Salud para negociar en la ruta los pedidos.<\/p>\n\n\n\n<figure class=\"wp-block-image size-large\"><img loading=\"lazy\" decoding=\"async\" width=\"1000\" height=\"602\" src=\"https:\/\/www.todoeldia.com\/wp-content\/uploads\/2020\/11\/Marcha-aborigen-1.jpg\" alt=\"\" class=\"wp-image-11714\" srcset=\"https:\/\/www.todoeldia.com\/wp-content\/uploads\/2020\/11\/Marcha-aborigen-1.jpg 1000w, https:\/\/www.todoeldia.com\/wp-content\/uploads\/2020\/11\/Marcha-aborigen-1-300x181.jpg 300w, https:\/\/www.todoeldia.com\/wp-content\/uploads\/2020\/11\/Marcha-aborigen-1-768x462.jpg 768w, https:\/\/www.todoeldia.com\/wp-content\/uploads\/2020\/11\/Marcha-aborigen-1-696x419.jpg 696w, https:\/\/www.todoeldia.com\/wp-content\/uploads\/2020\/11\/Marcha-aborigen-1-698x420.jpg 698w\" sizes=\"auto, (max-width: 1000px) 100vw, 1000px\" \/><\/figure>\n\n\n\n<p>Los funcionarios trataran de lograr un acuerdo para desarmar la marcha.<\/p>\n\n\n\n<p>Por ahora los referentes de las comunidades manifiestan que solo van a aceptar hablar con el Gobernador. Asesguran que \u201cultimamente los Ministros hicieron muchas promesas y muy pocas se concretaron posteriormente\u201d.<\/p>\n\n\n\n<p>Por instrucci\u00f3n del gobernador Gustavo S\u00e1enz, los funcionarios atender\u00e1n a los caciques en el norte provincial de manera inmediata para dar respuestas a sus reclamos.<\/p>\n\n\n\n<p>\u201cValoramos el esfuerzo que est\u00e1n realizando nuestros hermanos y es por eso que vamos a atenderlos, escucharlos y trabajar con ellos en el norte. No hace falta que vengan caminando hasta la ciudad, este es un gobierno presente que no va a parar hasta que todas estas comunidades tengan pol\u00edticas p\u00fablicas que los incluyan. Llevamos d\u00e9cadas de olvido y juntos vamos a buscar las soluciones que se merecen\u201d, sostuvo el coordinador de Gabinete Pablo Outes.<\/p>\n\n\n\n<figure class=\"wp-block-image size-large\"><img loading=\"lazy\" decoding=\"async\" width=\"1000\" height=\"610\" src=\"https:\/\/www.todoeldia.com\/wp-content\/uploads\/2020\/11\/Marcha-aborigen-2.jpg\" alt=\"\" class=\"wp-image-11715\" srcset=\"https:\/\/www.todoeldia.com\/wp-content\/uploads\/2020\/11\/Marcha-aborigen-2.jpg 1000w, https:\/\/www.todoeldia.com\/wp-content\/uploads\/2020\/11\/Marcha-aborigen-2-300x183.jpg 300w, https:\/\/www.todoeldia.com\/wp-content\/uploads\/2020\/11\/Marcha-aborigen-2-768x468.jpg 768w, https:\/\/www.todoeldia.com\/wp-content\/uploads\/2020\/11\/Marcha-aborigen-2-696x425.jpg 696w, https:\/\/www.todoeldia.com\/wp-content\/uploads\/2020\/11\/Marcha-aborigen-2-689x420.jpg 689w\" sizes=\"auto, (max-width: 1000px) 100vw, 1000px\" \/><\/figure>\n\n\n\n<p>La \u00abMarcha Hist\u00f3rica\u00bb parti\u00f3 el lunes en madrugada de Santa Victoria Este y tras hacer noche en Tartagal ese mismo d\u00eda continuaron su caminata con direcci\u00f3n sur por Ruta Nacional 34 hacia Salta Capital. La columna fue demorada por Gendarmer\u00eda Nacional este mi\u00e9rcoles en la salida de Coronel Cornejo seg\u00fan denunciaron sus compa\u00f1eros de Misi\u00f3n Chaque\u00f1a; quienes a su vez iban a unirse al grupo en Embarcaci\u00f3n.<\/p>\n\n\n\n<p>FM ALBA<\/p>\n","protected":false},"excerpt":{"rendered":"<p>Ministros del Gobierno de la Provincia viajaron hoy al departamento San Mart\u00edn para reunirse este jueves con caciques de comunidades abor\u00edgenes que vienen marchando desde Santa Victoria en reclamo de leyes y pol\u00edticas que los beneficien e incluyan. El hambre y la desnutrici\u00f3n m\u00e1s la falta de obras y atenci\u00f3n a la problem\u00e1tica de los [&hellip;]<\/p>\n","protected":false},"author":2,"featured_media":11713,"comment_status":"open","ping_status":"open","sticky":false,"template":"","format":"standard","meta":{"tdm_status":"","tdm_grid_status":"","_joinchat":[],"footnotes":""},"categories":[69],"tags":[],"class_list":{"0":"post-11712","1":"post","2":"type-post","3":"status-publish","4":"format-standard","5":"has-post-thumbnail","7":"category-salta"},"amp_enabled":true,"_links":{"self":[{"href":"https:\/\/www.todoeldia.com\/index.php\/wp-json\/wp\/v2\/posts\/11712","targetHints":{"allow":["GET"]}}],"collection":[{"href":"https:\/\/www.todoeldia.com\/index.php\/wp-json\/wp\/v2\/posts"}],"about":[{"href":"https:\/\/www.todoeldia.com\/index.php\/wp-json\/wp\/v2\/types\/post"}],"author":[{"embeddable":true,"href":"https:\/\/www.todoeldia.com\/index.php\/wp-json\/wp\/v2\/users\/2"}],"replies":[{"embeddable":true,"href":"https:\/\/www.todoeldia.com\/index.php\/wp-json\/wp\/v2\/comments?post=11712"}],"version-history":[{"count":1,"href":"https:\/\/www.todoeldia.com\/index.php\/wp-json\/wp\/v2\/posts\/11712\/revisions"}],"predecessor-version":[{"id":11716,"href":"https:\/\/www.todoeldia.com\/index.php\/wp-json\/wp\/v2\/posts\/11712\/revisions\/11716"}],"wp:featuredmedia":[{"embeddable":true,"href":"https:\/\/www.todoeldia.com\/index.php\/wp-json\/wp\/v2\/media\/11713"}],"wp:attachment":[{"href":"https:\/\/www.todoeldia.com\/index.php\/wp-json\/wp\/v2\/media?parent=11712"}],"wp:term":[{"taxonomy":"category","embeddable":true,"href":"https:\/\/www.todoeldia.com\/index.php\/wp-json\/wp\/v2\/categories?post=11712"},{"taxonomy":"post_tag","embeddable":true,"href":"https:\/\/www.todoeldia.com\/index.php\/wp-json\/wp\/v2\/tags?post=11712"}],"curies":[{"name":"wp","href":"https:\/\/api.w.org\/{rel}","templated":true}]}}