{"id":11723,"date":"2020-11-19T20:19:18","date_gmt":"2020-11-19T23:19:18","guid":{"rendered":"https:\/\/www.todoeldia.com\/?p=11723"},"modified":"2020-11-19T20:19:19","modified_gmt":"2020-11-19T23:19:19","slug":"saenz-6-ministros-y-el-coordinador-de-relaciones-politicas-viajaron-al-norte-para-atender-los-reclamos-de-las-comunidades-aborigenes","status":"publish","type":"post","link":"https:\/\/www.todoeldia.com\/index.php\/2020\/11\/19\/saenz-6-ministros-y-el-coordinador-de-relaciones-politicas-viajaron-al-norte-para-atender-los-reclamos-de-las-comunidades-aborigenes\/","title":{"rendered":"S\u00e1enz, 6 ministros y el coordinador de relaciones pol\u00edticas viajaron al norte para atender los reclamos de las comunidades abor\u00edgenes"},"content":{"rendered":"\n<p>En Pichanal el mandatario encabez\u00f3 un encuentro de di\u00e1logo y consenso con comunidades originarias que ven\u00edan caminando desde Santa Victoria Este.<\/p>\n\n\n\n<p>Escuchar, dialogar y consensuar fueron las premisas con las que el gobernador Gustavo S\u00e1enz se reuni\u00f3 con comunidades originarias, quienes destacaron la presencia activa del mandatario.<\/p>\n\n\n\n<p>\u201cPor primera vez tenemos un gobernador que se sienta al lado de nosotros y entiende nuestros pensamientos\u201d, dijeron voceros de las comunidades abor\u00edgenes.<\/p>\n\n\n\n<figure class=\"wp-block-embed-youtube wp-block-embed is-type-video is-provider-youtube wp-embed-aspect-16-9 wp-has-aspect-ratio\"><div class=\"wp-block-embed__wrapper\">\n<iframe loading=\"lazy\" title=\"S\u00e1enz encabez\u00f3 un encuentro de di\u00e1logo con comunidades originarias 191120 Gobierno de Salta\" width=\"696\" height=\"392\" src=\"https:\/\/www.youtube.com\/embed\/59W1ukUJ5vE?feature=oembed&#038;enablejsapi=1\" frameborder=\"0\" allow=\"accelerometer; autoplay; clipboard-write; encrypted-media; gyroscope; picture-in-picture\" allowfullscreen><\/iframe>\n<\/div><\/figure>\n\n\n\n<p>Venimos marchando por una necesidad y es hist\u00f3rico que un mandatario est\u00e9 hablando con los pueblos originarios\u201d, manifest\u00f3 uno de los representantes de la caminata que se reunieron este jueves con el gobernador Gustavo S\u00e1enz en Pichanal. De esta manera se establece un canal directo de di\u00e1logo teniendo a las comunidades como protagonistas.<\/p>\n\n\n\n<p>S\u00e1enz cerr\u00f3 la jornada de di\u00e1logo y consenso con comunidades originarias, proceso iniciado por casi la totalidad del gabinete provincial. Terminar con la invisibilidad a la que estuvieron sometidos hist\u00f3ricamente los pueblos originarios fue una de las principales l\u00edneas pol\u00edticas trazadas desde el inicio de la gesti\u00f3n de Gustavo S\u00e1enz en el Gobierno de la Provincia.<\/p>\n\n\n\n<figure class=\"wp-block-image size-large is-resized\"><img loading=\"lazy\" decoding=\"async\" src=\"https:\/\/www.todoeldia.com\/wp-content\/uploads\/2020\/11\/Gabinete-con-aborigenes.jpeg\" alt=\"\" class=\"wp-image-11726\" width=\"1063\" height=\"712\"\/><figcaption>Pablo Outes y Villada con aborigenes en Pichanal<\/figcaption><\/figure>\n\n\n\n<p>Recordemos que a poco de asumir se declar\u00f3 la emergencia socio sanitaria en los departamentos Or\u00e1n, Rivadavia y San Mart\u00edn, donde residen la mayor\u00eda de las comunidades. Adem\u00e1s, puso en el plano nacional las postergaciones hist\u00f3ricas de estos pueblos.<\/p>\n\n\n\n<p>\u201cEscucho que se habla de a\u00f1os y a\u00f1os de postergaci\u00f3n, me toca a m\u00ed dar la cara aqu\u00ed, frente a ustedes, mir\u00e1ndolos a los ojos y decirles que voy a hacer lo humanamente posible para cambiar la realidad que vienen viviendo desde siempre\u201d, recalc\u00f3 S\u00e1enz a las comunidades.<\/p>\n\n\n\n<p>El Gobernador habl\u00f3 de la necesidad de igualar en oportunidades a todos los salte\u00f1os, destac\u00f3 lo que se hizo en estos meses a pesar de la pandemia y la importancia de visibilizar \u201cesta realidad que viven las comunidades, mostrando al pa\u00eds y al mundo los problemas\u201d.<\/p>\n\n\n\n<p>Fue determinante al decir que \u201cSalta es la linda, pero tambi\u00e9n la triste por estas cosas que pasan\u201d e indic\u00f3 que su presencia en la reuni\u00f3n no es para hacer pol\u00edtica: \u201cVengo a trabajar al lado de ustedes. Uno no es lo que dice, es lo que hace, lo que demuestra en el transcurso de la vida pol\u00edtica. La historia nos juzgar\u00e1 en este gran desaf\u00edo de devolverles la dignidad\u201d, afirm\u00f3.<\/p>\n\n\n\n<p>\u201cNo me interesa la foto, tampoco me interesaba que vayan caminando hasta Salta a entregar un petitorio, yo tengo que ir donde est\u00e1n ustedes y escucharlos\u201d, asever\u00f3, agradeciendo a las comunidades la recepci\u00f3n y la oportunidad de escucharlos.<\/p>\n\n\n\n<p>Estuvieron el coordinador de Enlace y Relaciones Pol\u00edticas, Pablo Outes; el ministro de Gobierno, Ricardo Villada; de Infraestructura, Sergio Camacho; de Salud, Juan Jos\u00e9 Esteban; de Producci\u00f3n, Mart\u00edn de los R\u00edos; de Desarrollo Social, Ver\u00f3nica Figueroa; y de Educaci\u00f3n, Mat\u00edas C\u00e1nepa. En Pichanal estuvieron acompa\u00f1ados por el intendente Sebasti\u00e1n Dom\u00ednguez.<\/p>\n","protected":false},"excerpt":{"rendered":"<p>En Pichanal el mandatario encabez\u00f3 un encuentro de di\u00e1logo y consenso con comunidades originarias que ven\u00edan caminando desde Santa Victoria Este. Escuchar, dialogar y consensuar fueron las premisas con las que el gobernador Gustavo S\u00e1enz se reuni\u00f3 con comunidades originarias, quienes destacaron la presencia activa del mandatario. \u201cPor primera vez tenemos un gobernador que se [&hellip;]<\/p>\n","protected":false},"author":2,"featured_media":11724,"comment_status":"open","ping_status":"open","sticky":false,"template":"","format":"standard","meta":{"tdm_status":"","tdm_grid_status":"","_joinchat":[],"footnotes":""},"categories":[69],"tags":[],"class_list":{"0":"post-11723","1":"post","2":"type-post","3":"status-publish","4":"format-standard","5":"has-post-thumbnail","7":"category-salta"},"amp_enabled":true,"_links":{"self":[{"href":"https:\/\/www.todoeldia.com\/index.php\/wp-json\/wp\/v2\/posts\/11723","targetHints":{"allow":["GET"]}}],"collection":[{"href":"https:\/\/www.todoeldia.com\/index.php\/wp-json\/wp\/v2\/posts"}],"about":[{"href":"https:\/\/www.todoeldia.com\/index.php\/wp-json\/wp\/v2\/types\/post"}],"author":[{"embeddable":true,"href":"https:\/\/www.todoeldia.com\/index.php\/wp-json\/wp\/v2\/users\/2"}],"replies":[{"embeddable":true,"href":"https:\/\/www.todoeldia.com\/index.php\/wp-json\/wp\/v2\/comments?post=11723"}],"version-history":[{"count":2,"href":"https:\/\/www.todoeldia.com\/index.php\/wp-json\/wp\/v2\/posts\/11723\/revisions"}],"predecessor-version":[{"id":11727,"href":"https:\/\/www.todoeldia.com\/index.php\/wp-json\/wp\/v2\/posts\/11723\/revisions\/11727"}],"wp:featuredmedia":[{"embeddable":true,"href":"https:\/\/www.todoeldia.com\/index.php\/wp-json\/wp\/v2\/media\/11724"}],"wp:attachment":[{"href":"https:\/\/www.todoeldia.com\/index.php\/wp-json\/wp\/v2\/media?parent=11723"}],"wp:term":[{"taxonomy":"category","embeddable":true,"href":"https:\/\/www.todoeldia.com\/index.php\/wp-json\/wp\/v2\/categories?post=11723"},{"taxonomy":"post_tag","embeddable":true,"href":"https:\/\/www.todoeldia.com\/index.php\/wp-json\/wp\/v2\/tags?post=11723"}],"curies":[{"name":"wp","href":"https:\/\/api.w.org\/{rel}","templated":true}]}}